{"id":206,"date":"2025-10-06T16:21:52","date_gmt":"2025-10-06T16:21:52","guid":{"rendered":"https:\/\/promoter.rally-series.com\/?p=206"},"modified":"2025-10-09T14:27:47","modified_gmt":"2025-10-09T14:27:47","slug":"pilotos-elogiam-o-formato-rally-series","status":"publish","type":"post","link":"https:\/\/promoter.rally-series.com\/en\/pilotos-elogiam-o-formato-rally-series\/","title":{"rendered":"Drivers praise the Rally Series format"},"content":{"rendered":"<div data-elementor-type=\"wp-post\" data-elementor-id=\"206\" class=\"elementor elementor-206\" data-elementor-post-type=\"post\">\n\t\t\t\t<div class=\"elementor-element elementor-element-44e7dee6 e-con-full e-flex e-con e-parent\" data-id=\"44e7dee6\" data-element_type=\"container\" data-e-type=\"container\" data-settings=\"{&quot;background_background&quot;:&quot;classic&quot;}\">\n\t\t\t\t<div class=\"elementor-element elementor-element-336242ec elementor-widget__width-initial elementor-widget elementor-widget-image\" data-id=\"336242ec\" data-element_type=\"widget\" data-e-type=\"widget\" data-widget_type=\"image.default\">\n\t\t\t\t\t\t\t\t\t\t\t\t\t\t\t<img fetchpriority=\"high\" decoding=\"async\" width=\"800\" height=\"532\" src=\"https:\/\/promoter.rally-series.com\/wp-content\/uploads\/2025\/10\/Rally-Series-Baltar_Domingo_199-1024x681.jpg\" class=\"attachment-large size-large wp-image-217\" alt=\"\" srcset=\"https:\/\/promoter.rally-series.com\/wp-content\/uploads\/2025\/10\/Rally-Series-Baltar_Domingo_199-1024x681.jpg 1024w, https:\/\/promoter.rally-series.com\/wp-content\/uploads\/2025\/10\/Rally-Series-Baltar_Domingo_199-300x200.jpg 300w, https:\/\/promoter.rally-series.com\/wp-content\/uploads\/2025\/10\/Rally-Series-Baltar_Domingo_199-768x511.jpg 768w, https:\/\/promoter.rally-series.com\/wp-content\/uploads\/2025\/10\/Rally-Series-Baltar_Domingo_199-1536x1022.jpg 1536w, https:\/\/promoter.rally-series.com\/wp-content\/uploads\/2025\/10\/Rally-Series-Baltar_Domingo_199-2048x1363.jpg 2048w, https:\/\/promoter.rally-series.com\/wp-content\/uploads\/2025\/10\/Rally-Series-Baltar_Domingo_199-18x12.jpg 18w\" sizes=\"(max-width: 800px) 100vw, 800px\" \/>\t\t\t\t\t\t\t\t\t\t\t\t\t\t\t<\/div>\n\t\t\t\t<div class=\"elementor-element elementor-element-4ebcc73c elementor-widget elementor-widget-heading\" data-id=\"4ebcc73c\" data-element_type=\"widget\" data-e-type=\"widget\" data-widget_type=\"heading.default\">\n\t\t\t\t\t<h2 class=\"elementor-heading-title elementor-size-default\">Drivers praise the Rally Series format<\/h2>\t\t\t\t<\/div>\n\t\t\t\t<div class=\"elementor-element elementor-element-63d07a7f elementor-widget elementor-widget-heading\" data-id=\"63d07a7f\" data-element_type=\"widget\" data-e-type=\"widget\" data-widget_type=\"heading.default\">\n\t\t\t\t\t<h2 class=\"elementor-heading-title elementor-size-default\">The newest rally format won over fans and participants at its debut in Baltar, as Round #1 of the Portugal Rally Series kicked off the season.<\/h2>\t\t\t\t<\/div>\n\t\t\t\t<div class=\"elementor-element elementor-element-121a76b8 elementor-widget elementor-widget-text-editor\" data-id=\"121a76b8\" data-element_type=\"widget\" data-e-type=\"widget\" data-widget_type=\"text-editor.default\">\n\t\t\t\t\t\t\t\t\t<p>At the wheel of a Hyundai i20 N5 built by RMC Motorsport, Miguel Carvalho &amp; Ant\u00f3nio Reis made history by becoming the first-ever winners of the Rally Series. After the event, the duo shared what drew their attention and captivated them about the Rally Series format.<\/p><p>\u201cI\u2019ll be competing in all the rounds of the Portugal Rally Series this year. I\u2019ve been following the project and knew it was going to be a sure bet.\u201d Regarding the competitive side, the driver \u2014 who also won in the N5 Cup by RMC Motorsport \u2014 highlights that this trophy \u201cadds spice to the competition, as there are several N5 cars in Portugal, and the prize money can attract these drivers and increase the competitiveness of the events.\u201d<\/p><p>Ant\u00f3nio Reis, the co-driver, highlighted three innovative pillars of the Rally Series sporting format: \u201cthe on-foot reconnaissance of the Arena, similar to super specials, to prevent surface degradation; refueling before the time control, allowing teams to meet liaison section times without exceeding speed limits on open roads; and the new \u2018Refresh Zone\u2019 format (which combines regroup and service), ensuring that teams with issues can rejoin the rally in the next section without losing the entire day \u2014 a benefit for both competitors and fans.\u201d<\/p>\t\t\t\t\t\t\t\t<\/div>\n\t\t\t\t\t\t\t\n\t\t<img class=\"e-image-base\" \n\t\t\t\t\tdata-interaction-id=\"f8ba322\" \n\t\t \n\t\t data-e-type=\"widget\" data-id=\"f8ba322\"\n\t\t\t\t\t\t\t\t\tid=\"210\"\n\t\t\t\t\t\t\t\t\t\t\t\tsrc=\"https:\/\/promoter.rally-series.com\/wp-content\/uploads\/2025\/10\/Fibromade-Rally-Series-Baltar-01-2048x1363-1.jpg\"\n\t\t\t\t\t\t\t\t\t\t\t\twidth=\"2048\"\n\t\t\t\t\t\t\t\t\t\t\t\theight=\"1363\"\n\t\t\t\t\t\t\t\t\t\t\t\tsrcset=\"https:\/\/promoter.rally-series.com\/wp-content\/uploads\/2025\/10\/Fibromade-Rally-Series-Baltar-01-2048x1363-1.jpg 2048w, https:\/\/promoter.rally-series.com\/wp-content\/uploads\/2025\/10\/Fibromade-Rally-Series-Baltar-01-2048x1363-1-300x200.jpg 300w, https:\/\/promoter.rally-series.com\/wp-content\/uploads\/2025\/10\/Fibromade-Rally-Series-Baltar-01-2048x1363-1-1024x682.jpg 1024w, https:\/\/promoter.rally-series.com\/wp-content\/uploads\/2025\/10\/Fibromade-Rally-Series-Baltar-01-2048x1363-1-768x511.jpg 768w, https:\/\/promoter.rally-series.com\/wp-content\/uploads\/2025\/10\/Fibromade-Rally-Series-Baltar-01-2048x1363-1-1536x1022.jpg 1536w, https:\/\/promoter.rally-series.com\/wp-content\/uploads\/2025\/10\/Fibromade-Rally-Series-Baltar-01-2048x1363-1-18x12.jpg 18w\"\n\t\t\t\t\t\t\t\t\t\t\t\talt=\"\"\n\t\t\t\t\t\t\/>\n\t\t\t\t\t<div class=\"elementor-element elementor-element-17caf203 elementor-widget elementor-widget-text-editor\" data-id=\"17caf203\" data-element_type=\"widget\" data-e-type=\"widget\" data-widget_type=\"text-editor.default\">\n\t\t\t\t\t\t\t\t\t<p>Emanuel Moreira, Sporting Director and author of the praised regulations, emphasizes that the Rally Series is an \u201copen and flexible\u201d format. \u201cWe\u2019re very pleased with Round #1, but we\u2019re always attentive to feedback from teams, co-drivers, and fans in order to keep evolving.\u201d \u00a0<\/p><p>The Fibromade Arena was packed with fans throughout the two days of the event, where spectators enjoyed the action surrounded by various activities \u2014 such as karting races, rally simulators, food trucks, and the service area. \u00a0<\/p><p>For Andr\u00e9 Lavadinho, promoter of the Rally Series, \u201cthis ease of access and comfort was key to the event\u2019s success \u2014 measured not only by the number of people present but also by the fact that many of them weren\u2019t traditional rally fans and got involved in a rally event for the first time. This confirms that we have a tangible product to offer, and all stakeholders were pleased with the debut.\u201d \u00a0<\/p><p>On the special stages, both the Arena \u2014 which used part of the WRC Rally de Portugal shakedown \u2014 and the traditional stage, which included sections of the Paredes stage, were widely praised by drivers for the excellent condition of the surface and the organizers\u2019 effort to ensure ideal competition conditions. \u00a0<\/p>\t\t\t\t\t\t\t\t<\/div>\n\t\t\t\t\t\t\t\n\t\t<img class=\"e-image-base\" \n\t\t\t\t\tdata-interaction-id=\"2cfdee6\" \n\t\t \n\t\t data-e-type=\"widget\" data-id=\"2cfdee6\"\n\t\t\t\t\t\t\t\t\tid=\"212\"\n\t\t\t\t\t\t\t\t\t\t\t\tsrc=\"https:\/\/promoter.rally-series.com\/wp-content\/uploads\/2025\/10\/Pedro-Silva_Baltar-2048x1363-1.jpg\"\n\t\t\t\t\t\t\t\t\t\t\t\twidth=\"2048\"\n\t\t\t\t\t\t\t\t\t\t\t\theight=\"1363\"\n\t\t\t\t\t\t\t\t\t\t\t\tsrcset=\"https:\/\/promoter.rally-series.com\/wp-content\/uploads\/2025\/10\/Pedro-Silva_Baltar-2048x1363-1.jpg 2048w, https:\/\/promoter.rally-series.com\/wp-content\/uploads\/2025\/10\/Pedro-Silva_Baltar-2048x1363-1-300x200.jpg 300w, https:\/\/promoter.rally-series.com\/wp-content\/uploads\/2025\/10\/Pedro-Silva_Baltar-2048x1363-1-1024x682.jpg 1024w, https:\/\/promoter.rally-series.com\/wp-content\/uploads\/2025\/10\/Pedro-Silva_Baltar-2048x1363-1-768x511.jpg 768w, https:\/\/promoter.rally-series.com\/wp-content\/uploads\/2025\/10\/Pedro-Silva_Baltar-2048x1363-1-1536x1022.jpg 1536w, https:\/\/promoter.rally-series.com\/wp-content\/uploads\/2025\/10\/Pedro-Silva_Baltar-2048x1363-1-18x12.jpg 18w\"\n\t\t\t\t\t\t\t\t\t\t\t\talt=\"\"\n\t\t\t\t\t\t\/>\n\t\t\t\t\t<div class=\"elementor-element elementor-element-1cf2d3fc elementor-widget elementor-widget-text-editor\" data-id=\"1cf2d3fc\" data-element_type=\"widget\" data-e-type=\"widget\" data-widget_type=\"text-editor.default\">\n\t\t\t\t\t\t\t\t\t<p>Pedro Silva, an emerging name in Portuguese rallying, highlighted the competitive level as his standout feature and regretted that \u201cmore colleagues haven\u2019t joined yet, because as drivers we\u2019re always asking for promotion of rallies, for our partners, and to involve people and families.\u201d He also challenged more national drivers to participate in future rounds.<\/p><p>Manuel Martins, driver of the Toyota GR Yaris RZ returning to competitive driving, summarized the event positively, emphasizing that the Rally Series \u201caddresses some gaps present in Portuguese rallies. Overall, I see a fantastic event concept with real potential to grow.\u201d<\/p>\t\t\t\t\t\t\t\t<\/div>\n\t\t\t\t\t\t\t\n\t\t<img class=\"e-image-base\" \n\t\t\t\t\tdata-interaction-id=\"75636d2\" \n\t\t \n\t\t data-e-type=\"widget\" data-id=\"75636d2\"\n\t\t\t\t\t\t\t\t\tid=\"209\"\n\t\t\t\t\t\t\t\t\t\t\t\tsrc=\"https:\/\/promoter.rally-series.com\/wp-content\/uploads\/2025\/10\/Emanual-Diretor-Desportivo_Baltar-2048x1365-1.jpg\"\n\t\t\t\t\t\t\t\t\t\t\t\twidth=\"2048\"\n\t\t\t\t\t\t\t\t\t\t\t\theight=\"1365\"\n\t\t\t\t\t\t\t\t\t\t\t\tsrcset=\"https:\/\/promoter.rally-series.com\/wp-content\/uploads\/2025\/10\/Emanual-Diretor-Desportivo_Baltar-2048x1365-1.jpg 2048w, https:\/\/promoter.rally-series.com\/wp-content\/uploads\/2025\/10\/Emanual-Diretor-Desportivo_Baltar-2048x1365-1-300x200.jpg 300w, https:\/\/promoter.rally-series.com\/wp-content\/uploads\/2025\/10\/Emanual-Diretor-Desportivo_Baltar-2048x1365-1-1024x683.jpg 1024w, https:\/\/promoter.rally-series.com\/wp-content\/uploads\/2025\/10\/Emanual-Diretor-Desportivo_Baltar-2048x1365-1-768x512.jpg 768w, https:\/\/promoter.rally-series.com\/wp-content\/uploads\/2025\/10\/Emanual-Diretor-Desportivo_Baltar-2048x1365-1-1536x1024.jpg 1536w, https:\/\/promoter.rally-series.com\/wp-content\/uploads\/2025\/10\/Emanual-Diretor-Desportivo_Baltar-2048x1365-1-18x12.jpg 18w\"\n\t\t\t\t\t\t\t\t\t\t\t\talt=\"\"\n\t\t\t\t\t\t\/>\n\t\t\t\t\t<div class=\"elementor-element elementor-element-9b89d2a elementor-widget elementor-widget-text-editor\" data-id=\"9b89d2a\" data-element_type=\"widget\" data-e-type=\"widget\" data-widget_type=\"text-editor.default\">\n\t\t\t\t\t\t\t\t\t<p><strong>Debuts and a new path for the future \u00a0<\/strong><\/p><p>The weekend not only marked the debut of the Rally Series but also provided a first rally experience for many drivers. The new accessible format allowed names like Jo\u00e3o Ribeiro \u2014 with a strong background in rallycross \u2014 to venture into rallying, even managing to win on his debut. Pedro Gast\u00e3o and Telmo Garcia, who secured a victory and a podium in their respective classes, were able to step up to more advanced cars (Rally4\/5). Meanwhile, Ricardo Rodrigues and Andr\u00e9 Almeida, two brothers who had always dreamed of rallying, found the Rally Series to be the perfect opportunity to kickstart their careers. \u00a0<\/p><p>With a successful launch and praise from the community, the Rally Series team is already focused on the next four rounds of 2025, with the next one set to take place in Castelo Branco on April 18\u201319. \u00a0<\/p>\t\t\t\t\t\t\t\t<\/div>\n\t\t\t\t<\/div>\n\t\t\t\t<\/div>","protected":false},"excerpt":{"rendered":"<p>The newest rally format won over fans and participants at its debut in Baltar, as Round #1 of the Portugal Rally Series kicked off the season.<\/p>","protected":false},"author":1,"featured_media":217,"comment_status":"open","ping_status":"open","sticky":false,"template":"elementor_header_footer","format":"standard","meta":{"iawp_total_views":1,"footnotes":""},"categories":[1],"tags":[],"class_list":["post-206","post","type-post","status-publish","format-standard","has-post-thumbnail","hentry","category-uncategorized"],"yoast_head":"<!-- This site is optimized with the Yoast SEO plugin v27.5 - https:\/\/yoast.com\/product\/yoast-seo-wordpress\/ -->\n<title>Pilotos elogiam o formato Rally Series - Promoter Rally Series<\/title>\n<meta name=\"description\" content=\"O mais recente formato de rali conquistou os f\u00e3s e participantes na estreia em Baltar, com a Ronda #1 do Portugal Rally Series a dar o pontap\u00e9 de sa\u00edda para a temporada.\" \/>\n<meta name=\"robots\" content=\"index, follow, max-snippet:-1, max-image-preview:large, max-video-preview:-1\" \/>\n<link rel=\"canonical\" href=\"https:\/\/promoter.rally-series.com\/en\/pilotos-elogiam-o-formato-rally-series\/\" \/>\n<meta property=\"og:locale\" content=\"en_US\" \/>\n<meta property=\"og:type\" content=\"article\" \/>\n<meta property=\"og:title\" content=\"Pilotos elogiam o formato Rally Series - Promoter Rally Series\" \/>\n<meta property=\"og:description\" content=\"O mais recente formato de rali conquistou os f\u00e3s e participantes na estreia em Baltar, com a Ronda #1 do Portugal Rally Series a dar o pontap\u00e9 de sa\u00edda para a temporada.\" \/>\n<meta property=\"og:url\" content=\"https:\/\/promoter.rally-series.com\/en\/pilotos-elogiam-o-formato-rally-series\/\" \/>\n<meta property=\"og:site_name\" content=\"Promoter Rally Series\" \/>\n<meta property=\"article:published_time\" content=\"2025-10-06T16:21:52+00:00\" \/>\n<meta property=\"article:modified_time\" content=\"2025-10-09T14:27:47+00:00\" \/>\n<meta property=\"og:image\" content=\"https:\/\/promoter.rally-series.com\/wp-content\/uploads\/2025\/10\/Rally-Series-Baltar_Domingo_199-scaled.jpg\" \/>\n\t<meta property=\"og:image:width\" content=\"2560\" \/>\n\t<meta property=\"og:image:height\" content=\"1703\" \/>\n\t<meta property=\"og:image:type\" content=\"image\/jpeg\" \/>\n<meta name=\"author\" content=\"admin\" \/>\n<meta name=\"twitter:card\" content=\"summary_large_image\" \/>\n<meta name=\"twitter:label1\" content=\"Written by\" \/>\n\t<meta name=\"twitter:data1\" content=\"admin\" \/>\n\t<meta name=\"twitter:label2\" content=\"Est. reading time\" \/>\n\t<meta name=\"twitter:data2\" content=\"4 minutes\" \/>\n<script type=\"application\/ld+json\" class=\"yoast-schema-graph\">{\"@context\":\"https:\\\/\\\/schema.org\",\"@graph\":[{\"@type\":\"Article\",\"@id\":\"https:\\\/\\\/promoter.rally-series.com\\\/pilotos-elogiam-o-formato-rally-series\\\/#article\",\"isPartOf\":{\"@id\":\"https:\\\/\\\/promoter.rally-series.com\\\/pilotos-elogiam-o-formato-rally-series\\\/\"},\"author\":{\"name\":\"admin\",\"@id\":\"https:\\\/\\\/promoter.rally-series.com\\\/#\\\/schema\\\/person\\\/70974007523ec0c6c9936e26305b6a5b\"},\"headline\":\"Pilotos elogiam o formato Rally Series\",\"datePublished\":\"2025-10-06T16:21:52+00:00\",\"dateModified\":\"2025-10-09T14:27:47+00:00\",\"mainEntityOfPage\":{\"@id\":\"https:\\\/\\\/promoter.rally-series.com\\\/pilotos-elogiam-o-formato-rally-series\\\/\"},\"wordCount\":704,\"commentCount\":0,\"publisher\":{\"@id\":\"https:\\\/\\\/promoter.rally-series.com\\\/#organization\"},\"image\":{\"@id\":\"https:\\\/\\\/promoter.rally-series.com\\\/pilotos-elogiam-o-formato-rally-series\\\/#primaryimage\"},\"thumbnailUrl\":\"https:\\\/\\\/promoter.rally-series.com\\\/wp-content\\\/uploads\\\/2025\\\/10\\\/Rally-Series-Baltar_Domingo_199-scaled.jpg\",\"inLanguage\":\"en-US\",\"potentialAction\":[{\"@type\":\"CommentAction\",\"name\":\"Comment\",\"target\":[\"https:\\\/\\\/promoter.rally-series.com\\\/pilotos-elogiam-o-formato-rally-series\\\/#respond\"]}]},{\"@type\":\"WebPage\",\"@id\":\"https:\\\/\\\/promoter.rally-series.com\\\/pilotos-elogiam-o-formato-rally-series\\\/\",\"url\":\"https:\\\/\\\/promoter.rally-series.com\\\/pilotos-elogiam-o-formato-rally-series\\\/\",\"name\":\"Pilotos elogiam o formato Rally Series - Promoter Rally Series\",\"isPartOf\":{\"@id\":\"https:\\\/\\\/promoter.rally-series.com\\\/#website\"},\"primaryImageOfPage\":{\"@id\":\"https:\\\/\\\/promoter.rally-series.com\\\/pilotos-elogiam-o-formato-rally-series\\\/#primaryimage\"},\"image\":{\"@id\":\"https:\\\/\\\/promoter.rally-series.com\\\/pilotos-elogiam-o-formato-rally-series\\\/#primaryimage\"},\"thumbnailUrl\":\"https:\\\/\\\/promoter.rally-series.com\\\/wp-content\\\/uploads\\\/2025\\\/10\\\/Rally-Series-Baltar_Domingo_199-scaled.jpg\",\"datePublished\":\"2025-10-06T16:21:52+00:00\",\"dateModified\":\"2025-10-09T14:27:47+00:00\",\"description\":\"O mais recente formato de rali conquistou os f\u00e3s e participantes na estreia em Baltar, com a Ronda #1 do Portugal Rally Series a dar o pontap\u00e9 de sa\u00edda para a temporada.\",\"breadcrumb\":{\"@id\":\"https:\\\/\\\/promoter.rally-series.com\\\/pilotos-elogiam-o-formato-rally-series\\\/#breadcrumb\"},\"inLanguage\":\"en-US\",\"potentialAction\":[{\"@type\":\"ReadAction\",\"target\":[\"https:\\\/\\\/promoter.rally-series.com\\\/pilotos-elogiam-o-formato-rally-series\\\/\"]}]},{\"@type\":\"ImageObject\",\"inLanguage\":\"en-US\",\"@id\":\"https:\\\/\\\/promoter.rally-series.com\\\/pilotos-elogiam-o-formato-rally-series\\\/#primaryimage\",\"url\":\"https:\\\/\\\/promoter.rally-series.com\\\/wp-content\\\/uploads\\\/2025\\\/10\\\/Rally-Series-Baltar_Domingo_199-scaled.jpg\",\"contentUrl\":\"https:\\\/\\\/promoter.rally-series.com\\\/wp-content\\\/uploads\\\/2025\\\/10\\\/Rally-Series-Baltar_Domingo_199-scaled.jpg\",\"width\":2560,\"height\":1703},{\"@type\":\"BreadcrumbList\",\"@id\":\"https:\\\/\\\/promoter.rally-series.com\\\/pilotos-elogiam-o-formato-rally-series\\\/#breadcrumb\",\"itemListElement\":[{\"@type\":\"ListItem\",\"position\":1,\"name\":\"Home\",\"item\":\"https:\\\/\\\/promoter.rally-series.com\\\/\"},{\"@type\":\"ListItem\",\"position\":2,\"name\":\"Pilotos elogiam o formato Rally Series\"}]},{\"@type\":\"WebSite\",\"@id\":\"https:\\\/\\\/promoter.rally-series.com\\\/#website\",\"url\":\"https:\\\/\\\/promoter.rally-series.com\\\/\",\"name\":\"Promoter Rally Series\",\"description\":\"Uniting Fans, Drivers, and Roads\",\"publisher\":{\"@id\":\"https:\\\/\\\/promoter.rally-series.com\\\/#organization\"},\"potentialAction\":[{\"@type\":\"SearchAction\",\"target\":{\"@type\":\"EntryPoint\",\"urlTemplate\":\"https:\\\/\\\/promoter.rally-series.com\\\/?s={search_term_string}\"},\"query-input\":{\"@type\":\"PropertyValueSpecification\",\"valueRequired\":true,\"valueName\":\"search_term_string\"}}],\"inLanguage\":\"en-US\"},{\"@type\":\"Organization\",\"@id\":\"https:\\\/\\\/promoter.rally-series.com\\\/#organization\",\"name\":\"Promoter Rally Series\",\"url\":\"https:\\\/\\\/promoter.rally-series.com\\\/\",\"logo\":{\"@type\":\"ImageObject\",\"inLanguage\":\"en-US\",\"@id\":\"https:\\\/\\\/promoter.rally-series.com\\\/#\\\/schema\\\/logo\\\/image\\\/\",\"url\":\"https:\\\/\\\/promoter.rally-series.com\\\/wp-content\\\/uploads\\\/2025\\\/10\\\/Logo-Promoter1.png\",\"contentUrl\":\"https:\\\/\\\/promoter.rally-series.com\\\/wp-content\\\/uploads\\\/2025\\\/10\\\/Logo-Promoter1.png\",\"width\":942,\"height\":1204,\"caption\":\"Promoter Rally Series\"},\"image\":{\"@id\":\"https:\\\/\\\/promoter.rally-series.com\\\/#\\\/schema\\\/logo\\\/image\\\/\"}},{\"@type\":\"Person\",\"@id\":\"https:\\\/\\\/promoter.rally-series.com\\\/#\\\/schema\\\/person\\\/70974007523ec0c6c9936e26305b6a5b\",\"name\":\"admin\",\"image\":{\"@type\":\"ImageObject\",\"inLanguage\":\"en-US\",\"@id\":\"https:\\\/\\\/secure.gravatar.com\\\/avatar\\\/f33e2e0058df10eb23e9148d4c54000bfff6b16bede661928707b9564ff82293?s=96&d=mm&r=g\",\"url\":\"https:\\\/\\\/secure.gravatar.com\\\/avatar\\\/f33e2e0058df10eb23e9148d4c54000bfff6b16bede661928707b9564ff82293?s=96&d=mm&r=g\",\"contentUrl\":\"https:\\\/\\\/secure.gravatar.com\\\/avatar\\\/f33e2e0058df10eb23e9148d4c54000bfff6b16bede661928707b9564ff82293?s=96&d=mm&r=g\",\"caption\":\"admin\"},\"sameAs\":[\"https:\\\/\\\/promoter.rally-series.com\"],\"url\":\"https:\\\/\\\/promoter.rally-series.com\\\/en\\\/author\\\/rallyseries\\\/\"}]}<\/script>\n<!-- \/ Yoast SEO plugin. -->","yoast_head_json":{"title":"Pilotos elogiam o formato Rally Series - Promoter Rally Series","description":"The newest rally format won over fans and participants at its debut in Baltar, as Round #1 of the Portugal Rally Series kicked off the season.","robots":{"index":"index","follow":"follow","max-snippet":"max-snippet:-1","max-image-preview":"max-image-preview:large","max-video-preview":"max-video-preview:-1"},"canonical":"https:\/\/promoter.rally-series.com\/en\/pilotos-elogiam-o-formato-rally-series\/","og_locale":"en_US","og_type":"article","og_title":"Pilotos elogiam o formato Rally Series - Promoter Rally Series","og_description":"O mais recente formato de rali conquistou os f\u00e3s e participantes na estreia em Baltar, com a Ronda #1 do Portugal Rally Series a dar o pontap\u00e9 de sa\u00edda para a temporada.","og_url":"https:\/\/promoter.rally-series.com\/en\/pilotos-elogiam-o-formato-rally-series\/","og_site_name":"Promoter Rally Series","article_published_time":"2025-10-06T16:21:52+00:00","article_modified_time":"2025-10-09T14:27:47+00:00","og_image":[{"width":2560,"height":1703,"url":"https:\/\/promoter.rally-series.com\/wp-content\/uploads\/2025\/10\/Rally-Series-Baltar_Domingo_199-scaled.jpg","type":"image\/jpeg"}],"author":"admin","twitter_card":"summary_large_image","twitter_misc":{"Written by":"admin","Est. reading time":"4 minutes"},"schema":{"@context":"https:\/\/schema.org","@graph":[{"@type":"Article","@id":"https:\/\/promoter.rally-series.com\/pilotos-elogiam-o-formato-rally-series\/#article","isPartOf":{"@id":"https:\/\/promoter.rally-series.com\/pilotos-elogiam-o-formato-rally-series\/"},"author":{"name":"admin","@id":"https:\/\/promoter.rally-series.com\/#\/schema\/person\/70974007523ec0c6c9936e26305b6a5b"},"headline":"Pilotos elogiam o formato Rally Series","datePublished":"2025-10-06T16:21:52+00:00","dateModified":"2025-10-09T14:27:47+00:00","mainEntityOfPage":{"@id":"https:\/\/promoter.rally-series.com\/pilotos-elogiam-o-formato-rally-series\/"},"wordCount":704,"commentCount":0,"publisher":{"@id":"https:\/\/promoter.rally-series.com\/#organization"},"image":{"@id":"https:\/\/promoter.rally-series.com\/pilotos-elogiam-o-formato-rally-series\/#primaryimage"},"thumbnailUrl":"https:\/\/promoter.rally-series.com\/wp-content\/uploads\/2025\/10\/Rally-Series-Baltar_Domingo_199-scaled.jpg","inLanguage":"en-US","potentialAction":[{"@type":"CommentAction","name":"Comment","target":["https:\/\/promoter.rally-series.com\/pilotos-elogiam-o-formato-rally-series\/#respond"]}]},{"@type":"WebPage","@id":"https:\/\/promoter.rally-series.com\/pilotos-elogiam-o-formato-rally-series\/","url":"https:\/\/promoter.rally-series.com\/pilotos-elogiam-o-formato-rally-series\/","name":"Pilotos elogiam o formato Rally Series - Promoter Rally Series","isPartOf":{"@id":"https:\/\/promoter.rally-series.com\/#website"},"primaryImageOfPage":{"@id":"https:\/\/promoter.rally-series.com\/pilotos-elogiam-o-formato-rally-series\/#primaryimage"},"image":{"@id":"https:\/\/promoter.rally-series.com\/pilotos-elogiam-o-formato-rally-series\/#primaryimage"},"thumbnailUrl":"https:\/\/promoter.rally-series.com\/wp-content\/uploads\/2025\/10\/Rally-Series-Baltar_Domingo_199-scaled.jpg","datePublished":"2025-10-06T16:21:52+00:00","dateModified":"2025-10-09T14:27:47+00:00","description":"The newest rally format won over fans and participants at its debut in Baltar, as Round #1 of the Portugal Rally Series kicked off the season.","breadcrumb":{"@id":"https:\/\/promoter.rally-series.com\/pilotos-elogiam-o-formato-rally-series\/#breadcrumb"},"inLanguage":"en-US","potentialAction":[{"@type":"ReadAction","target":["https:\/\/promoter.rally-series.com\/pilotos-elogiam-o-formato-rally-series\/"]}]},{"@type":"ImageObject","inLanguage":"en-US","@id":"https:\/\/promoter.rally-series.com\/pilotos-elogiam-o-formato-rally-series\/#primaryimage","url":"https:\/\/promoter.rally-series.com\/wp-content\/uploads\/2025\/10\/Rally-Series-Baltar_Domingo_199-scaled.jpg","contentUrl":"https:\/\/promoter.rally-series.com\/wp-content\/uploads\/2025\/10\/Rally-Series-Baltar_Domingo_199-scaled.jpg","width":2560,"height":1703},{"@type":"BreadcrumbList","@id":"https:\/\/promoter.rally-series.com\/pilotos-elogiam-o-formato-rally-series\/#breadcrumb","itemListElement":[{"@type":"ListItem","position":1,"name":"Home","item":"https:\/\/promoter.rally-series.com\/"},{"@type":"ListItem","position":2,"name":"Pilotos elogiam o formato Rally Series"}]},{"@type":"WebSite","@id":"https:\/\/promoter.rally-series.com\/#website","url":"https:\/\/promoter.rally-series.com\/","name":"Promoter Rally Series","description":"Uniting Fans, Drivers, and Roads","publisher":{"@id":"https:\/\/promoter.rally-series.com\/#organization"},"potentialAction":[{"@type":"SearchAction","target":{"@type":"EntryPoint","urlTemplate":"https:\/\/promoter.rally-series.com\/?s={search_term_string}"},"query-input":{"@type":"PropertyValueSpecification","valueRequired":true,"valueName":"search_term_string"}}],"inLanguage":"en-US"},{"@type":"Organization","@id":"https:\/\/promoter.rally-series.com\/#organization","name":"Promoter Rally Series","url":"https:\/\/promoter.rally-series.com\/","logo":{"@type":"ImageObject","inLanguage":"en-US","@id":"https:\/\/promoter.rally-series.com\/#\/schema\/logo\/image\/","url":"https:\/\/promoter.rally-series.com\/wp-content\/uploads\/2025\/10\/Logo-Promoter1.png","contentUrl":"https:\/\/promoter.rally-series.com\/wp-content\/uploads\/2025\/10\/Logo-Promoter1.png","width":942,"height":1204,"caption":"Promoter Rally Series"},"image":{"@id":"https:\/\/promoter.rally-series.com\/#\/schema\/logo\/image\/"}},{"@type":"Person","@id":"https:\/\/promoter.rally-series.com\/#\/schema\/person\/70974007523ec0c6c9936e26305b6a5b","name":"admin","image":{"@type":"ImageObject","inLanguage":"en-US","@id":"https:\/\/secure.gravatar.com\/avatar\/f33e2e0058df10eb23e9148d4c54000bfff6b16bede661928707b9564ff82293?s=96&d=mm&r=g","url":"https:\/\/secure.gravatar.com\/avatar\/f33e2e0058df10eb23e9148d4c54000bfff6b16bede661928707b9564ff82293?s=96&d=mm&r=g","contentUrl":"https:\/\/secure.gravatar.com\/avatar\/f33e2e0058df10eb23e9148d4c54000bfff6b16bede661928707b9564ff82293?s=96&d=mm&r=g","caption":"admin"},"sameAs":["https:\/\/promoter.rally-series.com"],"url":"https:\/\/promoter.rally-series.com\/en\/author\/rallyseries\/"}]}},"_links":{"self":[{"href":"https:\/\/promoter.rally-series.com\/en\/wp-json\/wp\/v2\/posts\/206","targetHints":{"allow":["GET"]}}],"collection":[{"href":"https:\/\/promoter.rally-series.com\/en\/wp-json\/wp\/v2\/posts"}],"about":[{"href":"https:\/\/promoter.rally-series.com\/en\/wp-json\/wp\/v2\/types\/post"}],"author":[{"embeddable":true,"href":"https:\/\/promoter.rally-series.com\/en\/wp-json\/wp\/v2\/users\/1"}],"replies":[{"embeddable":true,"href":"https:\/\/promoter.rally-series.com\/en\/wp-json\/wp\/v2\/comments?post=206"}],"version-history":[{"count":8,"href":"https:\/\/promoter.rally-series.com\/en\/wp-json\/wp\/v2\/posts\/206\/revisions"}],"predecessor-version":[{"id":220,"href":"https:\/\/promoter.rally-series.com\/en\/wp-json\/wp\/v2\/posts\/206\/revisions\/220"}],"wp:featuredmedia":[{"embeddable":true,"href":"https:\/\/promoter.rally-series.com\/en\/wp-json\/wp\/v2\/media\/217"}],"wp:attachment":[{"href":"https:\/\/promoter.rally-series.com\/en\/wp-json\/wp\/v2\/media?parent=206"}],"wp:term":[{"taxonomy":"category","embeddable":true,"href":"https:\/\/promoter.rally-series.com\/en\/wp-json\/wp\/v2\/categories?post=206"},{"taxonomy":"post_tag","embeddable":true,"href":"https:\/\/promoter.rally-series.com\/en\/wp-json\/wp\/v2\/tags?post=206"}],"curies":[{"name":"wp","href":"https:\/\/api.w.org\/{rel}","templated":true}]}}