{"id":221,"date":"2025-10-06T17:28:37","date_gmt":"2025-10-06T17:28:37","guid":{"rendered":"https:\/\/promoter.rally-series.com\/?p=221"},"modified":"2025-10-09T14:32:08","modified_gmt":"2025-10-09T14:32:08","slug":"portugal-rally-series-acelera-para-castelo-branco-apos-alcancar-dois-milhoes-de-pessoas","status":"publish","type":"post","link":"https:\/\/promoter.rally-series.com\/en\/portugal-rally-series-acelera-para-castelo-branco-apos-alcancar-dois-milhoes-de-pessoas\/","title":{"rendered":"Portugal Rally Series accelerates toward Castelo Branco after reaching two million people"},"content":{"rendered":"<div data-elementor-type=\"wp-post\" data-elementor-id=\"221\" class=\"elementor elementor-221\" data-elementor-post-type=\"post\">\n\t\t\t\t<div class=\"elementor-element elementor-element-44e7dee6 e-con-full e-flex e-con e-parent\" data-id=\"44e7dee6\" data-element_type=\"container\" data-e-type=\"container\" data-settings=\"{&quot;background_background&quot;:&quot;classic&quot;}\">\n\t\t\t\t<div class=\"elementor-element elementor-element-336242ec elementor-widget__width-initial elementor-widget elementor-widget-image\" data-id=\"336242ec\" data-element_type=\"widget\" data-e-type=\"widget\" data-widget_type=\"image.default\">\n\t\t\t\t\t\t\t\t\t\t\t\t\t\t\t<img fetchpriority=\"high\" decoding=\"async\" width=\"800\" height=\"448\" src=\"https:\/\/promoter.rally-series.com\/wp-content\/uploads\/2025\/10\/Castelo-Branco-Large-1024x574.jpeg\" class=\"attachment-large size-large wp-image-223\" alt=\"\" srcset=\"https:\/\/promoter.rally-series.com\/wp-content\/uploads\/2025\/10\/Castelo-Branco-Large-1024x574.jpeg 1024w, https:\/\/promoter.rally-series.com\/wp-content\/uploads\/2025\/10\/Castelo-Branco-Large-300x168.jpeg 300w, https:\/\/promoter.rally-series.com\/wp-content\/uploads\/2025\/10\/Castelo-Branco-Large-768x431.jpeg 768w, https:\/\/promoter.rally-series.com\/wp-content\/uploads\/2025\/10\/Castelo-Branco-Large-18x10.jpeg 18w, https:\/\/promoter.rally-series.com\/wp-content\/uploads\/2025\/10\/Castelo-Branco-Large.jpeg 1280w\" sizes=\"(max-width: 800px) 100vw, 800px\" \/>\t\t\t\t\t\t\t\t\t\t\t\t\t\t\t<\/div>\n\t\t\t\t<div class=\"elementor-element elementor-element-4ebcc73c elementor-widget elementor-widget-heading\" data-id=\"4ebcc73c\" data-element_type=\"widget\" data-e-type=\"widget\" data-widget_type=\"heading.default\">\n\t\t\t\t\t<h2 class=\"elementor-heading-title elementor-size-default\">Portugal Rally Series accelerates toward Castelo Branco after reaching two million people<\/h2>\t\t\t\t<\/div>\n\t\t\t\t<div class=\"elementor-element elementor-element-63d07a7f elementor-widget elementor-widget-heading\" data-id=\"63d07a7f\" data-element_type=\"widget\" data-e-type=\"widget\" data-widget_type=\"heading.default\">\n\t\t\t\t\t<h2 class=\"elementor-heading-title elementor-size-default\">Rally Series Promoter reveals details about the next round, title sponsor, and key statistics from the debut event of the new rally format<\/h2>\t\t\t\t<\/div>\n\t\t\t\t<div class=\"elementor-element elementor-element-121a76b8 elementor-widget elementor-widget-text-editor\" data-id=\"121a76b8\" data-element_type=\"widget\" data-e-type=\"widget\" data-widget_type=\"text-editor.default\">\n\t\t\t\t\t\t\t\t\t<p>With the first round successfully completed, the Rally Series Promoter released the attendance and digital reach figures for Round #1 in Baltar. The event, held on February 22\u201323, welcomed an estimated ten thousand spectators, while its digital impact across official social media channels reached 2,049,020 people.<\/p><p>The Rally Series Promoter will release updated and cumulative figures after each round of the 2025 Portugal Rally Series, with the next event taking place in April in Castelo Branco. The presentation of these promotional metrics, in the form of a complete report for drivers and partners, is, according to the promoter, \u201ca key element for sponsors, drivers, and everyone involved, enabling them to secure support more effectively with the promoter\u2019s backing through concrete numbers.\u201d<\/p>\t\t\t\t\t\t\t\t<\/div>\n\t\t\t\t\t\t\t\n\t\t<img class=\"e-image-base\" \n\t\t\t\t\tdata-interaction-id=\"f8ba322\" \n\t\t \n\t\t data-e-type=\"widget\" data-id=\"f8ba322\"\n\t\t\t\t\t\t\t\t\tid=\"226\"\n\t\t\t\t\t\t\t\t\t\t\t\tsrc=\"https:\/\/promoter.rally-series.com\/wp-content\/uploads\/2025\/10\/Report-Ronda1-Large.jpeg\"\n\t\t\t\t\t\t\t\t\t\t\t\twidth=\"1024\"\n\t\t\t\t\t\t\t\t\t\t\t\theight=\"1280\"\n\t\t\t\t\t\t\t\t\t\t\t\tsrcset=\"https:\/\/promoter.rally-series.com\/wp-content\/uploads\/2025\/10\/Report-Ronda1-Large.jpeg 1024w, https:\/\/promoter.rally-series.com\/wp-content\/uploads\/2025\/10\/Report-Ronda1-Large-240x300.jpeg 240w, https:\/\/promoter.rally-series.com\/wp-content\/uploads\/2025\/10\/Report-Ronda1-Large-819x1024.jpeg 819w, https:\/\/promoter.rally-series.com\/wp-content\/uploads\/2025\/10\/Report-Ronda1-Large-768x960.jpeg 768w, https:\/\/promoter.rally-series.com\/wp-content\/uploads\/2025\/10\/Report-Ronda1-Large-10x12.jpeg 10w\"\n\t\t\t\t\t\t\t\t\t\t\t\talt=\"\"\n\t\t\t\t\t\t\/>\n\t\t\t\t\t<div class=\"elementor-element elementor-element-17caf203 elementor-widget elementor-widget-text-editor\" data-id=\"17caf203\" data-element_type=\"widget\" data-e-type=\"widget\" data-widget_type=\"text-editor.default\">\n\t\t\t\t\t\t\t\t\t<p>The Century 21 Rally Series Castelo Branco will take place on April 18\u201319 and will feature an all-new course, showcasing the region\u2019s distinctive terrain variations and unique conditions.<\/p><p>Following the Rally Series base format \u2014 six timed special stages plus an official shakedown \u2014 the event will feature an external stage combining fast sections with technical zones, along with the signature Arena stage.<\/p><p>The \u201cArena\u201d stretches over a 5-kilometer course and, according to the promoter, resembles \u201ca kind of Portuguese Kenya. The layout is spectacular, with only 500 meters run inside the Castelo Branco track. This way, drivers will have the opportunity to drive on pure rally roads before entering an Arena expected to be packed with spectators.\u201d<\/p><p>To ensure all conditions are met for Round #2, the Rally Series team emphasized its coordination with Escuderia de Castelo Branco, the organizing club of the event.<\/p>\t\t\t\t\t\t\t\t<\/div>\n\t\t\t\t\t\t\t\n\t\t<img class=\"e-image-base\" \n\t\t\t\t\tdata-interaction-id=\"2cfdee6\" \n\t\t \n\t\t data-e-type=\"widget\" data-id=\"2cfdee6\"\n\t\t\t\t\t\t\t\t\tid=\"224\"\n\t\t\t\t\t\t\t\t\t\t\t\tsrc=\"https:\/\/promoter.rally-series.com\/wp-content\/uploads\/2025\/10\/DSC09612-2-2048x1365-1.jpg\"\n\t\t\t\t\t\t\t\t\t\t\t\twidth=\"2048\"\n\t\t\t\t\t\t\t\t\t\t\t\theight=\"1365\"\n\t\t\t\t\t\t\t\t\t\t\t\tsrcset=\"https:\/\/promoter.rally-series.com\/wp-content\/uploads\/2025\/10\/DSC09612-2-2048x1365-1.jpg 2048w, https:\/\/promoter.rally-series.com\/wp-content\/uploads\/2025\/10\/DSC09612-2-2048x1365-1-300x200.jpg 300w, https:\/\/promoter.rally-series.com\/wp-content\/uploads\/2025\/10\/DSC09612-2-2048x1365-1-1024x683.jpg 1024w, https:\/\/promoter.rally-series.com\/wp-content\/uploads\/2025\/10\/DSC09612-2-2048x1365-1-768x512.jpg 768w, https:\/\/promoter.rally-series.com\/wp-content\/uploads\/2025\/10\/DSC09612-2-2048x1365-1-1536x1024.jpg 1536w, https:\/\/promoter.rally-series.com\/wp-content\/uploads\/2025\/10\/DSC09612-2-2048x1365-1-18x12.jpg 18w\"\n\t\t\t\t\t\t\t\t\t\t\t\talt=\"\"\n\t\t\t\t\t\t\/>\n\t\t\t\t\t<div class=\"elementor-element elementor-element-1cf2d3fc elementor-widget elementor-widget-text-editor\" data-id=\"1cf2d3fc\" data-element_type=\"widget\" data-e-type=\"widget\" data-widget_type=\"text-editor.default\">\n\t\t\t\t\t\t\t\t\t<p>\u201cThe coordination with the club was carried out with complete openness from both sides. The partnership between the promoter and the organizing club was established in a simple and transparent way. Escuderia de Castelo Branco has top-level professionals and the right conditions to organize a Portugal Rally Series round for the years ahead. This promoter\/club collaboration is essential for the success of the series, and Escuderia was one of the first clubs to trust the project. With the full involvement of the team, this is an event that connects rallying and the public in a truly innovative way, with a promising future ahead.\u201d \u2013 said Emanuel Moreira, Sporting Director of the Rally Series.<\/p><p>After visiting the routes that make up Round #2 in Castelo Branco, Andr\u00e9 Lavadinho, promoter of the Rally Series, said he was \u201cvery pleased. The heart of the event offers incredible conditions with everything we need, and the approach from the organizing club has been excellent from the very first moment.\u201d<\/p><p>\u201cIn terms of stages, I dare say this rally is a true \u2018Mini Portuguese Kenya,\u2019 but with an excellent surface. As soon as I saw the external stage and the Arena stage, I immediately felt that competitive spark again \u2014 it\u2019s a layout that will deliver plenty of adrenaline for the drivers. I\u2019ll be on the outside, of course, as a promoter, cheering for all the participants and listening to their feedback after the recce. I\u2019m really curious to hear their impressions.\u201d<\/p><p>Regarding the choice of Castelo Branco, Andr\u00e9 Lavadinho has no doubt that \u201cthe event\u2019s location in Castelo Branco is crucial. These regions are passionate about motorsport and give it their all. We\u2019re going to show that Castelo Branco and Portugal\u2019s interior are a true asset to the sport.\u201d<\/p><p>\u201cWe want to keep inspiring new fans to discover rallying. In Baltar, we had a huge crowd, including many people watching a rally for the first time, thanks to the great conditions and comfort provided. Castelo Branco will offer the same setup to ensure a memorable event for everyone.\u201d<\/p>\t\t\t\t\t\t\t\t<\/div>\n\t\t\t\t\t\t\t\n\t\t<img class=\"e-image-base\" \n\t\t\t\t\tdata-interaction-id=\"dad9f17\" \n\t\t \n\t\t data-e-type=\"widget\" data-id=\"dad9f17\"\n\t\t\t\t\t\t\t\t\tid=\"228\"\n\t\t\t\t\t\t\t\t\t\t\t\tsrc=\"https:\/\/promoter.rally-series.com\/wp-content\/uploads\/2025\/10\/Fibromade-Rally-Series-Baltar-13-2048x1362-1.jpg\"\n\t\t\t\t\t\t\t\t\t\t\t\twidth=\"2048\"\n\t\t\t\t\t\t\t\t\t\t\t\theight=\"1362\"\n\t\t\t\t\t\t\t\t\t\t\t\tsrcset=\"https:\/\/promoter.rally-series.com\/wp-content\/uploads\/2025\/10\/Fibromade-Rally-Series-Baltar-13-2048x1362-1.jpg 2048w, https:\/\/promoter.rally-series.com\/wp-content\/uploads\/2025\/10\/Fibromade-Rally-Series-Baltar-13-2048x1362-1-300x200.jpg 300w, https:\/\/promoter.rally-series.com\/wp-content\/uploads\/2025\/10\/Fibromade-Rally-Series-Baltar-13-2048x1362-1-1024x681.jpg 1024w, https:\/\/promoter.rally-series.com\/wp-content\/uploads\/2025\/10\/Fibromade-Rally-Series-Baltar-13-2048x1362-1-768x511.jpg 768w, https:\/\/promoter.rally-series.com\/wp-content\/uploads\/2025\/10\/Fibromade-Rally-Series-Baltar-13-2048x1362-1-1536x1022.jpg 1536w, https:\/\/promoter.rally-series.com\/wp-content\/uploads\/2025\/10\/Fibromade-Rally-Series-Baltar-13-2048x1362-1-18x12.jpg 18w\"\n\t\t\t\t\t\t\t\t\t\t\t\talt=\"\"\n\t\t\t\t\t\t\/>\n\t\t\t\t\t<div class=\"elementor-element elementor-element-ded95b5 elementor-widget elementor-widget-text-editor\" data-id=\"ded95b5\" data-element_type=\"widget\" data-e-type=\"widget\" data-widget_type=\"text-editor.default\">\n\t\t\t\t\t\t\t\t\t<p>Several drivers have already confirmed their participation in Round #2 of the Portugal Rally Series, including both full-season and one-off entrants. Manuel Martins, driver of the Toyota GR Yaris RZ, who took part in the opening round, was eager not to miss the next one.<\/p><p>\u201cWe\u2019re heading to Castelo Branco to validate the success of the Rally Series and improve on our result from Round #1 in Baltar,\u201d promised the driver from P\u00f3voa de Varzim.<\/p><p>Round #2 \u2013 Century 21 Rally Series Castelo Branco \u2013 will take place on April 18\u201319, welcoming drivers and fans to the Castelo Branco circuit. Regulations and entry forms will be available on the FPAK portal one month prior to the event.<\/p>\t\t\t\t\t\t\t\t<\/div>\n\t\t\t\t<\/div>\n\t\t\t\t<\/div>","protected":false},"excerpt":{"rendered":"<p>Rally Series Promoter reveals details about the next round, title sponsor, and key statistics from the debut event of the new rally format<\/p>","protected":false},"author":1,"featured_media":223,"comment_status":"open","ping_status":"open","sticky":false,"template":"elementor_header_footer","format":"standard","meta":{"iawp_total_views":1,"footnotes":""},"categories":[1],"tags":[],"class_list":["post-221","post","type-post","status-publish","format-standard","has-post-thumbnail","hentry","category-uncategorized"],"yoast_head":"<!-- This site is optimized with the Yoast SEO plugin v27.5 - https:\/\/yoast.com\/product\/yoast-seo-wordpress\/ -->\n<title>Portugal Rally Series acelera para Castelo Branco ap\u00f3s alcan\u00e7ar dois milh\u00f5es de pessoas - Promoter Rally Series<\/title>\n<meta name=\"description\" content=\"Rally Series Promoter divulga detalhes sobre a pr\u00f3xima ronda, title sponsor e estat\u00edsticas do evento de estreia do novo formato de ralis\" \/>\n<meta name=\"robots\" content=\"index, follow, max-snippet:-1, max-image-preview:large, max-video-preview:-1\" \/>\n<link rel=\"canonical\" href=\"https:\/\/promoter.rally-series.com\/en\/portugal-rally-series-acelera-para-castelo-branco-apos-alcancar-dois-milhoes-de-pessoas\/\" \/>\n<meta property=\"og:locale\" content=\"en_US\" \/>\n<meta property=\"og:type\" content=\"article\" \/>\n<meta property=\"og:title\" content=\"Portugal Rally Series acelera para Castelo Branco ap\u00f3s alcan\u00e7ar dois milh\u00f5es de pessoas - Promoter Rally Series\" \/>\n<meta property=\"og:description\" content=\"Rally Series Promoter divulga detalhes sobre a pr\u00f3xima ronda, title sponsor e estat\u00edsticas do evento de estreia do novo formato de ralis\" \/>\n<meta property=\"og:url\" content=\"https:\/\/promoter.rally-series.com\/en\/portugal-rally-series-acelera-para-castelo-branco-apos-alcancar-dois-milhoes-de-pessoas\/\" \/>\n<meta property=\"og:site_name\" content=\"Promoter Rally Series\" \/>\n<meta property=\"article:published_time\" content=\"2025-10-06T17:28:37+00:00\" \/>\n<meta property=\"article:modified_time\" content=\"2025-10-09T14:32:08+00:00\" \/>\n<meta property=\"og:image\" content=\"https:\/\/promoter.rally-series.com\/wp-content\/uploads\/2025\/10\/Castelo-Branco-Large.jpeg\" \/>\n\t<meta property=\"og:image:width\" content=\"1280\" \/>\n\t<meta property=\"og:image:height\" content=\"718\" \/>\n\t<meta property=\"og:image:type\" content=\"image\/jpeg\" \/>\n<meta name=\"author\" content=\"admin\" \/>\n<meta name=\"twitter:card\" content=\"summary_large_image\" \/>\n<meta name=\"twitter:label1\" content=\"Written by\" \/>\n\t<meta name=\"twitter:data1\" content=\"admin\" \/>\n\t<meta name=\"twitter:label2\" content=\"Est. reading time\" \/>\n\t<meta name=\"twitter:data2\" content=\"5 minutes\" \/>\n<script type=\"application\/ld+json\" class=\"yoast-schema-graph\">{\"@context\":\"https:\\\/\\\/schema.org\",\"@graph\":[{\"@type\":\"Article\",\"@id\":\"https:\\\/\\\/promoter.rally-series.com\\\/portugal-rally-series-acelera-para-castelo-branco-apos-alcancar-dois-milhoes-de-pessoas\\\/#article\",\"isPartOf\":{\"@id\":\"https:\\\/\\\/promoter.rally-series.com\\\/portugal-rally-series-acelera-para-castelo-branco-apos-alcancar-dois-milhoes-de-pessoas\\\/\"},\"author\":{\"name\":\"admin\",\"@id\":\"https:\\\/\\\/promoter.rally-series.com\\\/#\\\/schema\\\/person\\\/70974007523ec0c6c9936e26305b6a5b\"},\"headline\":\"Portugal Rally Series acelera para Castelo Branco ap\u00f3s alcan\u00e7ar dois milh\u00f5es de pessoas\",\"datePublished\":\"2025-10-06T17:28:37+00:00\",\"dateModified\":\"2025-10-09T14:32:08+00:00\",\"mainEntityOfPage\":{\"@id\":\"https:\\\/\\\/promoter.rally-series.com\\\/portugal-rally-series-acelera-para-castelo-branco-apos-alcancar-dois-milhoes-de-pessoas\\\/\"},\"wordCount\":794,\"commentCount\":0,\"publisher\":{\"@id\":\"https:\\\/\\\/promoter.rally-series.com\\\/#organization\"},\"image\":{\"@id\":\"https:\\\/\\\/promoter.rally-series.com\\\/portugal-rally-series-acelera-para-castelo-branco-apos-alcancar-dois-milhoes-de-pessoas\\\/#primaryimage\"},\"thumbnailUrl\":\"https:\\\/\\\/promoter.rally-series.com\\\/wp-content\\\/uploads\\\/2025\\\/10\\\/Castelo-Branco-Large.jpeg\",\"inLanguage\":\"en-US\",\"potentialAction\":[{\"@type\":\"CommentAction\",\"name\":\"Comment\",\"target\":[\"https:\\\/\\\/promoter.rally-series.com\\\/portugal-rally-series-acelera-para-castelo-branco-apos-alcancar-dois-milhoes-de-pessoas\\\/#respond\"]}]},{\"@type\":\"WebPage\",\"@id\":\"https:\\\/\\\/promoter.rally-series.com\\\/portugal-rally-series-acelera-para-castelo-branco-apos-alcancar-dois-milhoes-de-pessoas\\\/\",\"url\":\"https:\\\/\\\/promoter.rally-series.com\\\/portugal-rally-series-acelera-para-castelo-branco-apos-alcancar-dois-milhoes-de-pessoas\\\/\",\"name\":\"Portugal Rally Series acelera para Castelo Branco ap\u00f3s alcan\u00e7ar dois milh\u00f5es de pessoas - Promoter Rally Series\",\"isPartOf\":{\"@id\":\"https:\\\/\\\/promoter.rally-series.com\\\/#website\"},\"primaryImageOfPage\":{\"@id\":\"https:\\\/\\\/promoter.rally-series.com\\\/portugal-rally-series-acelera-para-castelo-branco-apos-alcancar-dois-milhoes-de-pessoas\\\/#primaryimage\"},\"image\":{\"@id\":\"https:\\\/\\\/promoter.rally-series.com\\\/portugal-rally-series-acelera-para-castelo-branco-apos-alcancar-dois-milhoes-de-pessoas\\\/#primaryimage\"},\"thumbnailUrl\":\"https:\\\/\\\/promoter.rally-series.com\\\/wp-content\\\/uploads\\\/2025\\\/10\\\/Castelo-Branco-Large.jpeg\",\"datePublished\":\"2025-10-06T17:28:37+00:00\",\"dateModified\":\"2025-10-09T14:32:08+00:00\",\"description\":\"Rally Series Promoter divulga detalhes sobre a pr\u00f3xima ronda, title sponsor e estat\u00edsticas do evento de estreia do novo formato de ralis\",\"breadcrumb\":{\"@id\":\"https:\\\/\\\/promoter.rally-series.com\\\/portugal-rally-series-acelera-para-castelo-branco-apos-alcancar-dois-milhoes-de-pessoas\\\/#breadcrumb\"},\"inLanguage\":\"en-US\",\"potentialAction\":[{\"@type\":\"ReadAction\",\"target\":[\"https:\\\/\\\/promoter.rally-series.com\\\/portugal-rally-series-acelera-para-castelo-branco-apos-alcancar-dois-milhoes-de-pessoas\\\/\"]}]},{\"@type\":\"ImageObject\",\"inLanguage\":\"en-US\",\"@id\":\"https:\\\/\\\/promoter.rally-series.com\\\/portugal-rally-series-acelera-para-castelo-branco-apos-alcancar-dois-milhoes-de-pessoas\\\/#primaryimage\",\"url\":\"https:\\\/\\\/promoter.rally-series.com\\\/wp-content\\\/uploads\\\/2025\\\/10\\\/Castelo-Branco-Large.jpeg\",\"contentUrl\":\"https:\\\/\\\/promoter.rally-series.com\\\/wp-content\\\/uploads\\\/2025\\\/10\\\/Castelo-Branco-Large.jpeg\",\"width\":1280,\"height\":718},{\"@type\":\"BreadcrumbList\",\"@id\":\"https:\\\/\\\/promoter.rally-series.com\\\/portugal-rally-series-acelera-para-castelo-branco-apos-alcancar-dois-milhoes-de-pessoas\\\/#breadcrumb\",\"itemListElement\":[{\"@type\":\"ListItem\",\"position\":1,\"name\":\"Home\",\"item\":\"https:\\\/\\\/promoter.rally-series.com\\\/\"},{\"@type\":\"ListItem\",\"position\":2,\"name\":\"Portugal Rally Series acelera para Castelo Branco ap\u00f3s alcan\u00e7ar dois milh\u00f5es de pessoas\"}]},{\"@type\":\"WebSite\",\"@id\":\"https:\\\/\\\/promoter.rally-series.com\\\/#website\",\"url\":\"https:\\\/\\\/promoter.rally-series.com\\\/\",\"name\":\"Promoter Rally Series\",\"description\":\"Uniting Fans, Drivers, and Roads\",\"publisher\":{\"@id\":\"https:\\\/\\\/promoter.rally-series.com\\\/#organization\"},\"potentialAction\":[{\"@type\":\"SearchAction\",\"target\":{\"@type\":\"EntryPoint\",\"urlTemplate\":\"https:\\\/\\\/promoter.rally-series.com\\\/?s={search_term_string}\"},\"query-input\":{\"@type\":\"PropertyValueSpecification\",\"valueRequired\":true,\"valueName\":\"search_term_string\"}}],\"inLanguage\":\"en-US\"},{\"@type\":\"Organization\",\"@id\":\"https:\\\/\\\/promoter.rally-series.com\\\/#organization\",\"name\":\"Promoter Rally Series\",\"url\":\"https:\\\/\\\/promoter.rally-series.com\\\/\",\"logo\":{\"@type\":\"ImageObject\",\"inLanguage\":\"en-US\",\"@id\":\"https:\\\/\\\/promoter.rally-series.com\\\/#\\\/schema\\\/logo\\\/image\\\/\",\"url\":\"https:\\\/\\\/promoter.rally-series.com\\\/wp-content\\\/uploads\\\/2025\\\/10\\\/Logo-Promoter1.png\",\"contentUrl\":\"https:\\\/\\\/promoter.rally-series.com\\\/wp-content\\\/uploads\\\/2025\\\/10\\\/Logo-Promoter1.png\",\"width\":942,\"height\":1204,\"caption\":\"Promoter Rally Series\"},\"image\":{\"@id\":\"https:\\\/\\\/promoter.rally-series.com\\\/#\\\/schema\\\/logo\\\/image\\\/\"}},{\"@type\":\"Person\",\"@id\":\"https:\\\/\\\/promoter.rally-series.com\\\/#\\\/schema\\\/person\\\/70974007523ec0c6c9936e26305b6a5b\",\"name\":\"admin\",\"image\":{\"@type\":\"ImageObject\",\"inLanguage\":\"en-US\",\"@id\":\"https:\\\/\\\/secure.gravatar.com\\\/avatar\\\/f33e2e0058df10eb23e9148d4c54000bfff6b16bede661928707b9564ff82293?s=96&d=mm&r=g\",\"url\":\"https:\\\/\\\/secure.gravatar.com\\\/avatar\\\/f33e2e0058df10eb23e9148d4c54000bfff6b16bede661928707b9564ff82293?s=96&d=mm&r=g\",\"contentUrl\":\"https:\\\/\\\/secure.gravatar.com\\\/avatar\\\/f33e2e0058df10eb23e9148d4c54000bfff6b16bede661928707b9564ff82293?s=96&d=mm&r=g\",\"caption\":\"admin\"},\"sameAs\":[\"https:\\\/\\\/promoter.rally-series.com\"],\"url\":\"https:\\\/\\\/promoter.rally-series.com\\\/en\\\/author\\\/rallyseries\\\/\"}]}<\/script>\n<!-- \/ Yoast SEO plugin. -->","yoast_head_json":{"title":"Portugal Rally Series acelera para Castelo Branco ap\u00f3s alcan\u00e7ar dois milh\u00f5es de pessoas - Promoter Rally Series","description":"Rally Series Promoter reveals details about the next round, title sponsor, and key statistics from the debut event of the new rally format","robots":{"index":"index","follow":"follow","max-snippet":"max-snippet:-1","max-image-preview":"max-image-preview:large","max-video-preview":"max-video-preview:-1"},"canonical":"https:\/\/promoter.rally-series.com\/en\/portugal-rally-series-acelera-para-castelo-branco-apos-alcancar-dois-milhoes-de-pessoas\/","og_locale":"en_US","og_type":"article","og_title":"Portugal Rally Series acelera para Castelo Branco ap\u00f3s alcan\u00e7ar dois milh\u00f5es de pessoas - Promoter Rally Series","og_description":"Rally Series Promoter divulga detalhes sobre a pr\u00f3xima ronda, title sponsor e estat\u00edsticas do evento de estreia do novo formato de ralis","og_url":"https:\/\/promoter.rally-series.com\/en\/portugal-rally-series-acelera-para-castelo-branco-apos-alcancar-dois-milhoes-de-pessoas\/","og_site_name":"Promoter Rally Series","article_published_time":"2025-10-06T17:28:37+00:00","article_modified_time":"2025-10-09T14:32:08+00:00","og_image":[{"width":1280,"height":718,"url":"https:\/\/promoter.rally-series.com\/wp-content\/uploads\/2025\/10\/Castelo-Branco-Large.jpeg","type":"image\/jpeg"}],"author":"admin","twitter_card":"summary_large_image","twitter_misc":{"Written by":"admin","Est. reading time":"5 minutes"},"schema":{"@context":"https:\/\/schema.org","@graph":[{"@type":"Article","@id":"https:\/\/promoter.rally-series.com\/portugal-rally-series-acelera-para-castelo-branco-apos-alcancar-dois-milhoes-de-pessoas\/#article","isPartOf":{"@id":"https:\/\/promoter.rally-series.com\/portugal-rally-series-acelera-para-castelo-branco-apos-alcancar-dois-milhoes-de-pessoas\/"},"author":{"name":"admin","@id":"https:\/\/promoter.rally-series.com\/#\/schema\/person\/70974007523ec0c6c9936e26305b6a5b"},"headline":"Portugal Rally Series acelera para Castelo Branco ap\u00f3s alcan\u00e7ar dois milh\u00f5es de pessoas","datePublished":"2025-10-06T17:28:37+00:00","dateModified":"2025-10-09T14:32:08+00:00","mainEntityOfPage":{"@id":"https:\/\/promoter.rally-series.com\/portugal-rally-series-acelera-para-castelo-branco-apos-alcancar-dois-milhoes-de-pessoas\/"},"wordCount":794,"commentCount":0,"publisher":{"@id":"https:\/\/promoter.rally-series.com\/#organization"},"image":{"@id":"https:\/\/promoter.rally-series.com\/portugal-rally-series-acelera-para-castelo-branco-apos-alcancar-dois-milhoes-de-pessoas\/#primaryimage"},"thumbnailUrl":"https:\/\/promoter.rally-series.com\/wp-content\/uploads\/2025\/10\/Castelo-Branco-Large.jpeg","inLanguage":"en-US","potentialAction":[{"@type":"CommentAction","name":"Comment","target":["https:\/\/promoter.rally-series.com\/portugal-rally-series-acelera-para-castelo-branco-apos-alcancar-dois-milhoes-de-pessoas\/#respond"]}]},{"@type":"WebPage","@id":"https:\/\/promoter.rally-series.com\/portugal-rally-series-acelera-para-castelo-branco-apos-alcancar-dois-milhoes-de-pessoas\/","url":"https:\/\/promoter.rally-series.com\/portugal-rally-series-acelera-para-castelo-branco-apos-alcancar-dois-milhoes-de-pessoas\/","name":"Portugal Rally Series acelera para Castelo Branco ap\u00f3s alcan\u00e7ar dois milh\u00f5es de pessoas - Promoter Rally Series","isPartOf":{"@id":"https:\/\/promoter.rally-series.com\/#website"},"primaryImageOfPage":{"@id":"https:\/\/promoter.rally-series.com\/portugal-rally-series-acelera-para-castelo-branco-apos-alcancar-dois-milhoes-de-pessoas\/#primaryimage"},"image":{"@id":"https:\/\/promoter.rally-series.com\/portugal-rally-series-acelera-para-castelo-branco-apos-alcancar-dois-milhoes-de-pessoas\/#primaryimage"},"thumbnailUrl":"https:\/\/promoter.rally-series.com\/wp-content\/uploads\/2025\/10\/Castelo-Branco-Large.jpeg","datePublished":"2025-10-06T17:28:37+00:00","dateModified":"2025-10-09T14:32:08+00:00","description":"Rally Series Promoter reveals details about the next round, title sponsor, and key statistics from the debut event of the new rally format","breadcrumb":{"@id":"https:\/\/promoter.rally-series.com\/portugal-rally-series-acelera-para-castelo-branco-apos-alcancar-dois-milhoes-de-pessoas\/#breadcrumb"},"inLanguage":"en-US","potentialAction":[{"@type":"ReadAction","target":["https:\/\/promoter.rally-series.com\/portugal-rally-series-acelera-para-castelo-branco-apos-alcancar-dois-milhoes-de-pessoas\/"]}]},{"@type":"ImageObject","inLanguage":"en-US","@id":"https:\/\/promoter.rally-series.com\/portugal-rally-series-acelera-para-castelo-branco-apos-alcancar-dois-milhoes-de-pessoas\/#primaryimage","url":"https:\/\/promoter.rally-series.com\/wp-content\/uploads\/2025\/10\/Castelo-Branco-Large.jpeg","contentUrl":"https:\/\/promoter.rally-series.com\/wp-content\/uploads\/2025\/10\/Castelo-Branco-Large.jpeg","width":1280,"height":718},{"@type":"BreadcrumbList","@id":"https:\/\/promoter.rally-series.com\/portugal-rally-series-acelera-para-castelo-branco-apos-alcancar-dois-milhoes-de-pessoas\/#breadcrumb","itemListElement":[{"@type":"ListItem","position":1,"name":"Home","item":"https:\/\/promoter.rally-series.com\/"},{"@type":"ListItem","position":2,"name":"Portugal Rally Series acelera para Castelo Branco ap\u00f3s alcan\u00e7ar dois milh\u00f5es de pessoas"}]},{"@type":"WebSite","@id":"https:\/\/promoter.rally-series.com\/#website","url":"https:\/\/promoter.rally-series.com\/","name":"Promoter Rally Series","description":"Uniting Fans, Drivers, and Roads","publisher":{"@id":"https:\/\/promoter.rally-series.com\/#organization"},"potentialAction":[{"@type":"SearchAction","target":{"@type":"EntryPoint","urlTemplate":"https:\/\/promoter.rally-series.com\/?s={search_term_string}"},"query-input":{"@type":"PropertyValueSpecification","valueRequired":true,"valueName":"search_term_string"}}],"inLanguage":"en-US"},{"@type":"Organization","@id":"https:\/\/promoter.rally-series.com\/#organization","name":"Promoter Rally Series","url":"https:\/\/promoter.rally-series.com\/","logo":{"@type":"ImageObject","inLanguage":"en-US","@id":"https:\/\/promoter.rally-series.com\/#\/schema\/logo\/image\/","url":"https:\/\/promoter.rally-series.com\/wp-content\/uploads\/2025\/10\/Logo-Promoter1.png","contentUrl":"https:\/\/promoter.rally-series.com\/wp-content\/uploads\/2025\/10\/Logo-Promoter1.png","width":942,"height":1204,"caption":"Promoter Rally Series"},"image":{"@id":"https:\/\/promoter.rally-series.com\/#\/schema\/logo\/image\/"}},{"@type":"Person","@id":"https:\/\/promoter.rally-series.com\/#\/schema\/person\/70974007523ec0c6c9936e26305b6a5b","name":"admin","image":{"@type":"ImageObject","inLanguage":"en-US","@id":"https:\/\/secure.gravatar.com\/avatar\/f33e2e0058df10eb23e9148d4c54000bfff6b16bede661928707b9564ff82293?s=96&d=mm&r=g","url":"https:\/\/secure.gravatar.com\/avatar\/f33e2e0058df10eb23e9148d4c54000bfff6b16bede661928707b9564ff82293?s=96&d=mm&r=g","contentUrl":"https:\/\/secure.gravatar.com\/avatar\/f33e2e0058df10eb23e9148d4c54000bfff6b16bede661928707b9564ff82293?s=96&d=mm&r=g","caption":"admin"},"sameAs":["https:\/\/promoter.rally-series.com"],"url":"https:\/\/promoter.rally-series.com\/en\/author\/rallyseries\/"}]}},"_links":{"self":[{"href":"https:\/\/promoter.rally-series.com\/en\/wp-json\/wp\/v2\/posts\/221","targetHints":{"allow":["GET"]}}],"collection":[{"href":"https:\/\/promoter.rally-series.com\/en\/wp-json\/wp\/v2\/posts"}],"about":[{"href":"https:\/\/promoter.rally-series.com\/en\/wp-json\/wp\/v2\/types\/post"}],"author":[{"embeddable":true,"href":"https:\/\/promoter.rally-series.com\/en\/wp-json\/wp\/v2\/users\/1"}],"replies":[{"embeddable":true,"href":"https:\/\/promoter.rally-series.com\/en\/wp-json\/wp\/v2\/comments?post=221"}],"version-history":[{"count":5,"href":"https:\/\/promoter.rally-series.com\/en\/wp-json\/wp\/v2\/posts\/221\/revisions"}],"predecessor-version":[{"id":231,"href":"https:\/\/promoter.rally-series.com\/en\/wp-json\/wp\/v2\/posts\/221\/revisions\/231"}],"wp:featuredmedia":[{"embeddable":true,"href":"https:\/\/promoter.rally-series.com\/en\/wp-json\/wp\/v2\/media\/223"}],"wp:attachment":[{"href":"https:\/\/promoter.rally-series.com\/en\/wp-json\/wp\/v2\/media?parent=221"}],"wp:term":[{"taxonomy":"category","embeddable":true,"href":"https:\/\/promoter.rally-series.com\/en\/wp-json\/wp\/v2\/categories?post=221"},{"taxonomy":"post_tag","embeddable":true,"href":"https:\/\/promoter.rally-series.com\/en\/wp-json\/wp\/v2\/tags?post=221"}],"curies":[{"name":"wp","href":"https:\/\/api.w.org\/{rel}","templated":true}]}}