{"id":232,"date":"2025-10-06T21:00:53","date_gmt":"2025-10-06T21:00:53","guid":{"rendered":"https:\/\/promoter.rally-series.com\/?p=232"},"modified":"2025-10-09T15:20:17","modified_gmt":"2025-10-09T15:20:17","slug":"european-rally-series-um-novo-capitulo-para-provas-iconicas","status":"publish","type":"post","link":"https:\/\/promoter.rally-series.com\/en\/european-rally-series-um-novo-capitulo-para-provas-iconicas\/","title":{"rendered":"European Rally Series: A New Chapter for Iconic Events"},"content":{"rendered":"\t\t<div data-elementor-type=\"wp-post\" data-elementor-id=\"232\" class=\"elementor elementor-232\" data-elementor-post-type=\"post\">\n\t\t\t\t<div class=\"elementor-element elementor-element-44e7dee6 e-con-full e-flex e-con e-parent\" data-id=\"44e7dee6\" data-element_type=\"container\" data-e-type=\"container\" data-settings=\"{&quot;background_background&quot;:&quot;classic&quot;}\">\n\t\t\t\t<div class=\"elementor-element elementor-element-336242ec elementor-widget__width-initial elementor-widget elementor-widget-image\" data-id=\"336242ec\" data-element_type=\"widget\" data-e-type=\"widget\" data-widget_type=\"image.default\">\n\t\t\t\t\t\t\t\t\t\t\t\t\t\t\t<img fetchpriority=\"high\" decoding=\"async\" width=\"800\" height=\"450\" src=\"https:\/\/promoter.rally-series.com\/wp-content\/uploads\/2025\/10\/Foto-de-Capa-European-Rally-Series-Large-1024x576.jpeg\" class=\"attachment-large size-large wp-image-235\" alt=\"\" srcset=\"https:\/\/promoter.rally-series.com\/wp-content\/uploads\/2025\/10\/Foto-de-Capa-European-Rally-Series-Large-1024x576.jpeg 1024w, https:\/\/promoter.rally-series.com\/wp-content\/uploads\/2025\/10\/Foto-de-Capa-European-Rally-Series-Large-300x169.jpeg 300w, https:\/\/promoter.rally-series.com\/wp-content\/uploads\/2025\/10\/Foto-de-Capa-European-Rally-Series-Large-768x432.jpeg 768w, https:\/\/promoter.rally-series.com\/wp-content\/uploads\/2025\/10\/Foto-de-Capa-European-Rally-Series-Large-18x10.jpeg 18w, https:\/\/promoter.rally-series.com\/wp-content\/uploads\/2025\/10\/Foto-de-Capa-European-Rally-Series-Large.jpeg 1280w\" sizes=\"(max-width: 800px) 100vw, 800px\" \/>\t\t\t\t\t\t\t\t\t\t\t\t\t\t\t<\/div>\n\t\t\t\t<div class=\"elementor-element elementor-element-4ebcc73c elementor-widget elementor-widget-heading\" data-id=\"4ebcc73c\" data-element_type=\"widget\" data-e-type=\"widget\" data-widget_type=\"heading.default\">\n\t\t\t\t\t<h2 class=\"elementor-heading-title elementor-size-default\">European Rally Series: Um Novo Cap\u00edtulo para Provas Ic\u00f3nicas<\/h2>\t\t\t\t<\/div>\n\t\t\t\t<div class=\"elementor-element elementor-element-63d07a7f elementor-widget elementor-widget-heading\" data-id=\"63d07a7f\" data-element_type=\"widget\" data-e-type=\"widget\" data-widget_type=\"heading.default\">\n\t\t\t\t\t<h2 class=\"elementor-heading-title elementor-size-default\">Nascido em 2025, um novo desafio no panorama dos ralis europeus chega com ideias frescas, a come\u00e7ar pelo Rali da Madeira.<\/h2>\t\t\t\t<\/div>\n\t\t\t\t<div class=\"elementor-element elementor-element-121a76b8 elementor-widget elementor-widget-text-editor\" data-id=\"121a76b8\" data-element_type=\"widget\" data-e-type=\"widget\" data-widget_type=\"text-editor.default\">\n\t\t\t\t\t\t\t\t\t<article class=\"text-token-text-primary w-full focus:outline-none [--shadow-height:45px] has-data-writing-block:pointer-events-none has-data-writing-block:-mt-(--shadow-height) has-data-writing-block:pt-(--shadow-height) [&amp;:has([data-writing-block])&gt;*]:pointer-events-auto scroll-mt-[calc(var(--header-height)+min(200px,max(70px,20svh)))]\" dir=\"auto\" tabindex=\"-1\" data-turn-id=\"request-WEB:1227e113-0ef5-48fb-bda8-df2176dbf2b5-70\" data-testid=\"conversation-turn-132\" data-scroll-anchor=\"true\" data-turn=\"assistant\"><div class=\"text-base my-auto mx-auto pb-10 [--thread-content-margin:--spacing(4)] thread-sm:[--thread-content-margin:--spacing(6)] thread-lg:[--thread-content-margin:--spacing(16)] px-(--thread-content-margin)\"><div class=\"[--thread-content-max-width:40rem] thread-lg:[--thread-content-max-width:48rem] mx-auto max-w-(--thread-content-max-width) flex-1 group\/turn-messages focus-visible:outline-hidden relative flex w-full min-w-0 flex-col agent-turn\" tabindex=\"-1\"><div class=\"flex max-w-full flex-col grow\"><div class=\"min-h-8 text-message relative flex w-full flex-col items-end gap-2 text-start break-words whitespace-normal [.text-message+&amp;]:mt-5\" dir=\"auto\" data-message-author-role=\"assistant\" data-message-id=\"4b73d21d-900b-412d-b0c4-4957d2766074\" data-message-model-slug=\"gpt-5\"><div class=\"flex w-full flex-col gap-1 empty:hidden first:pt-[1px]\"><div class=\"markdown prose dark:prose-invert w-full break-words light markdown-new-styling\"><p data-start=\"0\" data-end=\"340\">A European Rally Series foi oficialmente lan\u00e7ada, apresentando uma nova vis\u00e3o para os ralis em todo o continente. No seu ano inaugural de promo\u00e7\u00e3o, em 2025, a s\u00e9rie pretende voltar a ligar os adeptos a alguns dos ralis mais ic\u00f3nicos e hist\u00f3ricos da Europa, ao mesmo tempo que introduz uma nova dimens\u00e3o cultural e promocional ao desporto.<\/p><p data-start=\"342\" data-end=\"638\" data-is-last-node=\"\" data-is-only-node=\"\">Mantendo o formato competitivo tradicional e o esp\u00edrito de velocidade total dos ralis, a European Rally Series ir\u00e1 trabalhar em estreita colabora\u00e7\u00e3o com os organizadores locais para aplicar alguns dos seus valores fundamentais em algumas das provas mais apreciadas do calend\u00e1rio europeu de ralis.<\/p><\/div><\/div><\/div><\/div><div class=\"z-0 flex min-h-[46px] justify-start\">\u00a0<\/div><div class=\"mt-3 w-full empty:hidden\"><div class=\"text-center\">\u00a0<\/div><\/div><\/div><\/div><\/article><div class=\"pointer-events-none h-px w-px\" aria-hidden=\"true\" data-edge=\"true\">\u00a0<\/div>\t\t\t\t\t\t\t\t<\/div>\n\t\t\t\t\t\t\t\n\t\t<img class=\"e-image-base \" \n\t\t\t\t\tdata-interaction-id=\"f8ba322\" \n\t\t \n\t\t data-e-type=\"widget\" data-id=\"f8ba322\"\n\t\t\t\t\t\t\t\t\tid=\"234\"\n\t\t\t\t\t\t\t\t\t\t\t\tsrc=\"https:\/\/promoter.rally-series.com\/wp-content\/uploads\/2025\/10\/AMF-Mobilidade-Large.jpeg\"\n\t\t\t\t\t\t\t\t\t\t\t\twidth=\"1280\"\n\t\t\t\t\t\t\t\t\t\t\t\theight=\"854\"\n\t\t\t\t\t\t\t\t\t\t\t\tsrcset=\"https:\/\/promoter.rally-series.com\/wp-content\/uploads\/2025\/10\/AMF-Mobilidade-Large.jpeg 1280w, https:\/\/promoter.rally-series.com\/wp-content\/uploads\/2025\/10\/AMF-Mobilidade-Large-300x200.jpeg 300w, https:\/\/promoter.rally-series.com\/wp-content\/uploads\/2025\/10\/AMF-Mobilidade-Large-1024x683.jpeg 1024w, https:\/\/promoter.rally-series.com\/wp-content\/uploads\/2025\/10\/AMF-Mobilidade-Large-768x512.jpeg 768w, https:\/\/promoter.rally-series.com\/wp-content\/uploads\/2025\/10\/AMF-Mobilidade-Large-18x12.jpeg 18w\"\n\t\t\t\t\t\t\t\t\t\t\t\talt=\"\"\n\t\t\t\t\t\t\/>\n\t\t\t\t\t<div class=\"elementor-element elementor-element-17caf203 elementor-widget elementor-widget-text-editor\" data-id=\"17caf203\" data-element_type=\"widget\" data-e-type=\"widget\" data-widget_type=\"text-editor.default\">\n\t\t\t\t\t\t\t\t\t<article class=\"text-token-text-primary w-full focus:outline-none [--shadow-height:45px] has-data-writing-block:pointer-events-none has-data-writing-block:-mt-(--shadow-height) has-data-writing-block:pt-(--shadow-height) [&amp;:has([data-writing-block])&gt;*]:pointer-events-auto scroll-mt-[calc(var(--header-height)+min(200px,max(70px,20svh)))]\" dir=\"auto\" tabindex=\"-1\" data-turn-id=\"request-WEB:1227e113-0ef5-48fb-bda8-df2176dbf2b5-71\" data-testid=\"conversation-turn-134\" data-scroll-anchor=\"true\" data-turn=\"assistant\"><div class=\"text-base my-auto mx-auto pb-10 [--thread-content-margin:--spacing(4)] thread-sm:[--thread-content-margin:--spacing(6)] thread-lg:[--thread-content-margin:--spacing(16)] px-(--thread-content-margin)\"><div class=\"[--thread-content-max-width:40rem] thread-lg:[--thread-content-max-width:48rem] mx-auto max-w-(--thread-content-max-width) flex-1 group\/turn-messages focus-visible:outline-hidden relative flex w-full min-w-0 flex-col agent-turn\" tabindex=\"-1\"><div class=\"flex max-w-full flex-col grow\"><div class=\"min-h-8 text-message relative flex w-full flex-col items-end gap-2 text-start break-words whitespace-normal [.text-message+&amp;]:mt-5\" dir=\"auto\" data-message-author-role=\"assistant\" data-message-id=\"6453553f-c4e2-4989-a5d8-6a86dc8aae89\" data-message-model-slug=\"gpt-5\"><div class=\"flex w-full flex-col gap-1 empty:hidden first:pt-[1px]\"><div class=\"markdown prose dark:prose-invert w-full break-words light markdown-new-styling\"><p data-start=\"0\" data-end=\"320\">No centro deste novo conceito, que teve in\u00edcio em Portugal, est\u00e1 a <em data-start=\"67\" data-end=\"80\">Arena Stage<\/em>: uma \u00e1rea focada nos adeptos que combina uma especial dedicada com Fanzones, ativa\u00e7\u00f5es de marca, zonas de alimenta\u00e7\u00e3o e experi\u00eancias imersivas. Cada <em data-start=\"230\" data-end=\"243\">Arena Stage<\/em> torna-se num ponto de encontro din\u00e2mico para o p\u00fablico, parceiros e media.<\/p><p data-start=\"322\" data-end=\"762\">Em 2025, quatro provas candidatas comp\u00f5em o calend\u00e1rio do <em data-start=\"380\" data-end=\"392\">Promo Year<\/em>. O Rali da Madeira, entre os dias 31 de julho e 2 de agosto, e o San Remo Rally s\u00e3o os dois primeiros eventos confirmados, com duas surpresas reservadas para as rondas finais do ano inaugural. Mantendo o formato tradicional de cada rali, o promotor ir\u00e1 destacar as <em data-start=\"658\" data-end=\"675\">Super Especiais<\/em> em formato <em data-start=\"687\" data-end=\"694\">Arena<\/em> de cada prova como um projeto-piloto para desenvolvimento futuro.<\/p><p data-start=\"764\" data-end=\"1346\" data-is-last-node=\"\" data-is-only-node=\"\">No que diz respeito \u00e0 competi\u00e7\u00e3o, todas as categorias homologadas pela FIA dentro da <em data-start=\"849\" data-end=\"864\">Rally Pyramid<\/em> (de Rally1 a Rally6 + RGT) s\u00e3o eleg\u00edveis para classifica\u00e7\u00e3o no j\u00e1 conhecido sistema <em data-start=\"949\" data-end=\"969\">Rally Series Stars<\/em>. Cada especial eleg\u00edvel para as classifica\u00e7\u00f5es da Rally Series atribui pontos aos pilotos segundo o sistema habitual da FIA: 25 pontos (aqui designados como <em data-start=\"1127\" data-end=\"1134\">stars<\/em>) para o mais r\u00e1pido, descendo at\u00e9 4 pontos para o 9.\u00ba classificado, com um toque especial \u2014 o 10.\u00ba tempo mais r\u00e1pido recebe 2 pontos, e todos os carros que terminem a partir do 11.\u00ba lugar recebem 1 ponto <em data-start=\"1339\" data-end=\"1345\">star<\/em>.<\/p><\/div><\/div><\/div><\/div><div class=\"z-0 flex min-h-[46px] justify-start\">\u00a0<\/div><div class=\"mt-3 w-full empty:hidden\"><div class=\"text-center\">\u00a0<\/div><\/div><\/div><\/div><\/article><div class=\"pointer-events-none h-px w-px\" aria-hidden=\"true\" data-edge=\"true\">\u00a0<\/div>\t\t\t\t\t\t\t\t<\/div>\n\t\t\t\t\t\t\t\n\t\t<img class=\"e-image-base \" \n\t\t\t\t\tdata-interaction-id=\"2cfdee6\" \n\t\t \n\t\t data-e-type=\"widget\" data-id=\"2cfdee6\"\n\t\t\t\t\t\t\t\t\tid=\"236\"\n\t\t\t\t\t\t\t\t\t\t\t\tsrc=\"https:\/\/promoter.rally-series.com\/wp-content\/uploads\/2025\/10\/Ponte-de-Lima-Large.jpeg\"\n\t\t\t\t\t\t\t\t\t\t\t\twidth=\"1280\"\n\t\t\t\t\t\t\t\t\t\t\t\theight=\"854\"\n\t\t\t\t\t\t\t\t\t\t\t\tsrcset=\"https:\/\/promoter.rally-series.com\/wp-content\/uploads\/2025\/10\/Ponte-de-Lima-Large.jpeg 1280w, https:\/\/promoter.rally-series.com\/wp-content\/uploads\/2025\/10\/Ponte-de-Lima-Large-300x200.jpeg 300w, https:\/\/promoter.rally-series.com\/wp-content\/uploads\/2025\/10\/Ponte-de-Lima-Large-1024x683.jpeg 1024w, https:\/\/promoter.rally-series.com\/wp-content\/uploads\/2025\/10\/Ponte-de-Lima-Large-768x512.jpeg 768w, https:\/\/promoter.rally-series.com\/wp-content\/uploads\/2025\/10\/Ponte-de-Lima-Large-18x12.jpeg 18w\"\n\t\t\t\t\t\t\t\t\t\t\t\talt=\"\"\n\t\t\t\t\t\t\/>\n\t\t\t\t\t<div class=\"elementor-element elementor-element-1cf2d3fc elementor-widget elementor-widget-text-editor\" data-id=\"1cf2d3fc\" data-element_type=\"widget\" data-e-type=\"widget\" data-widget_type=\"text-editor.default\">\n\t\t\t\t\t\t\t\t\t<p data-start=\"0\" data-end=\"159\">Duas grandes classifica\u00e7\u00f5es ser\u00e3o premiadas no calend\u00e1rio do <em data-start=\"61\" data-end=\"73\">Promo Year<\/em>: uma classifica\u00e7\u00e3o geral absoluta e uma classifica\u00e7\u00e3o geral de duas rodas motrizes.<\/p><p data-start=\"161\" data-end=\"424\">A <em data-start=\"163\" data-end=\"186\">European Rally Series<\/em> prop\u00f5e-se a ir al\u00e9m da simples organiza\u00e7\u00e3o de ralis \u2014 o seu objetivo \u00e9 reativar eventos hist\u00f3ricos e posicionar o rali como uma experi\u00eancia cultural e promocional, aproximando fam\u00edlias, marcas e meios de comunica\u00e7\u00e3o do cora\u00e7\u00e3o da a\u00e7\u00e3o.<\/p><p data-start=\"426\" data-end=\"506\">Assente nos valores fundamentais da <em data-start=\"462\" data-end=\"476\">Rally Series<\/em>, a edi\u00e7\u00e3o europeia promove:<\/p><p data-start=\"508\" data-end=\"934\" data-is-last-node=\"\" data-is-only-node=\"\">\u2013 <strong data-start=\"510\" data-end=\"528\">Acessibilidade<\/strong>, para adeptos, concorrentes, parceiros e comunidades locais<br data-start=\"588\" data-end=\"591\" \/>\u2013 <strong data-start=\"593\" data-end=\"610\" data-is-only-node=\"\">Autenticidade<\/strong>, preservando o patrim\u00f3nio e o esp\u00edrito de cada rali<br data-start=\"662\" data-end=\"665\" \/>\u2013 <strong data-start=\"667\" data-end=\"679\">Inova\u00e7\u00e3o<\/strong>, atrav\u00e9s de novos formatos como as <em data-start=\"715\" data-end=\"729\">Arena Stages<\/em> e ativa\u00e7\u00f5es<br data-start=\"741\" data-end=\"744\" \/>\u2013 <strong data-start=\"746\" data-end=\"766\">Sustentabilidade<\/strong>, incentivando pr\u00e1ticas respons\u00e1veis e retorno para equipas e parceiros<br data-start=\"837\" data-end=\"840\" \/>\u2013 <strong data-start=\"842\" data-end=\"860\">Entretenimento<\/strong>, transformando cada rali numa celebra\u00e7\u00e3o imperd\u00edvel do desporto autom\u00f3vel<\/p>\t\t\t\t\t\t\t\t<\/div>\n\t\t\t\t<\/div>\n\t\t\t\t<\/div>\n\t\t","protected":false},"excerpt":{"rendered":"<p>Born in 2025, a new challenge in the European rally scene arrives with fresh ideas, starting with the Rali da Madeira.<\/p>","protected":false},"author":1,"featured_media":235,"comment_status":"open","ping_status":"open","sticky":false,"template":"elementor_header_footer","format":"standard","meta":{"iawp_total_views":3,"footnotes":""},"categories":[1],"tags":[],"class_list":["post-232","post","type-post","status-publish","format-standard","has-post-thumbnail","hentry","category-uncategorized"],"yoast_head":"<!-- This site is optimized with the Yoast SEO plugin v27.5 - https:\/\/yoast.com\/product\/yoast-seo-wordpress\/ -->\n<title>European Rally Series: Um Novo Cap\u00edtulo para Provas Ic\u00f3nicas - Promoter Rally Series<\/title>\n<meta name=\"description\" content=\"Nascido em 2025, um novo desafio no panorama dos ralis europeus chega com ideias frescas, a come\u00e7ar pelo Rali da Madeira.\" \/>\n<meta name=\"robots\" content=\"index, follow, max-snippet:-1, max-image-preview:large, max-video-preview:-1\" \/>\n<link rel=\"canonical\" href=\"https:\/\/promoter.rally-series.com\/en\/european-rally-series-um-novo-capitulo-para-provas-iconicas\/\" \/>\n<meta property=\"og:locale\" content=\"en_US\" \/>\n<meta property=\"og:type\" content=\"article\" \/>\n<meta property=\"og:title\" content=\"European Rally Series: Um Novo Cap\u00edtulo para Provas Ic\u00f3nicas - Promoter Rally Series\" \/>\n<meta property=\"og:description\" content=\"Nascido em 2025, um novo desafio no panorama dos ralis europeus chega com ideias frescas, a come\u00e7ar pelo Rali da Madeira.\" \/>\n<meta property=\"og:url\" content=\"https:\/\/promoter.rally-series.com\/en\/european-rally-series-um-novo-capitulo-para-provas-iconicas\/\" \/>\n<meta property=\"og:site_name\" content=\"Promoter Rally Series\" \/>\n<meta property=\"article:published_time\" content=\"2025-10-06T21:00:53+00:00\" \/>\n<meta property=\"article:modified_time\" content=\"2025-10-09T15:20:17+00:00\" \/>\n<meta property=\"og:image\" content=\"https:\/\/promoter.rally-series.com\/wp-content\/uploads\/2025\/10\/Foto-de-Capa-European-Rally-Series-Large.jpeg\" \/>\n\t<meta property=\"og:image:width\" content=\"1280\" \/>\n\t<meta property=\"og:image:height\" content=\"720\" \/>\n\t<meta property=\"og:image:type\" content=\"image\/jpeg\" \/>\n<meta name=\"author\" content=\"admin\" \/>\n<meta name=\"twitter:card\" content=\"summary_large_image\" \/>\n<meta name=\"twitter:label1\" content=\"Written by\" \/>\n\t<meta name=\"twitter:data1\" content=\"admin\" \/>\n\t<meta name=\"twitter:label2\" content=\"Est. reading time\" \/>\n\t<meta name=\"twitter:data2\" content=\"3 minutes\" \/>\n<script type=\"application\/ld+json\" class=\"yoast-schema-graph\">{\"@context\":\"https:\\\/\\\/schema.org\",\"@graph\":[{\"@type\":\"Article\",\"@id\":\"https:\\\/\\\/promoter.rally-series.com\\\/european-rally-series-um-novo-capitulo-para-provas-iconicas\\\/#article\",\"isPartOf\":{\"@id\":\"https:\\\/\\\/promoter.rally-series.com\\\/european-rally-series-um-novo-capitulo-para-provas-iconicas\\\/\"},\"author\":{\"name\":\"admin\",\"@id\":\"https:\\\/\\\/promoter.rally-series.com\\\/#\\\/schema\\\/person\\\/70974007523ec0c6c9936e26305b6a5b\"},\"headline\":\"European Rally Series: Um Novo Cap\u00edtulo para Provas Ic\u00f3nicas\",\"datePublished\":\"2025-10-06T21:00:53+00:00\",\"dateModified\":\"2025-10-09T15:20:17+00:00\",\"mainEntityOfPage\":{\"@id\":\"https:\\\/\\\/promoter.rally-series.com\\\/european-rally-series-um-novo-capitulo-para-provas-iconicas\\\/\"},\"wordCount\":493,\"commentCount\":0,\"publisher\":{\"@id\":\"https:\\\/\\\/promoter.rally-series.com\\\/#organization\"},\"image\":{\"@id\":\"https:\\\/\\\/promoter.rally-series.com\\\/european-rally-series-um-novo-capitulo-para-provas-iconicas\\\/#primaryimage\"},\"thumbnailUrl\":\"https:\\\/\\\/promoter.rally-series.com\\\/wp-content\\\/uploads\\\/2025\\\/10\\\/Foto-de-Capa-European-Rally-Series-Large.jpeg\",\"inLanguage\":\"en-US\",\"potentialAction\":[{\"@type\":\"CommentAction\",\"name\":\"Comment\",\"target\":[\"https:\\\/\\\/promoter.rally-series.com\\\/european-rally-series-um-novo-capitulo-para-provas-iconicas\\\/#respond\"]}]},{\"@type\":\"WebPage\",\"@id\":\"https:\\\/\\\/promoter.rally-series.com\\\/european-rally-series-um-novo-capitulo-para-provas-iconicas\\\/\",\"url\":\"https:\\\/\\\/promoter.rally-series.com\\\/european-rally-series-um-novo-capitulo-para-provas-iconicas\\\/\",\"name\":\"European Rally Series: Um Novo Cap\u00edtulo para Provas Ic\u00f3nicas - Promoter Rally Series\",\"isPartOf\":{\"@id\":\"https:\\\/\\\/promoter.rally-series.com\\\/#website\"},\"primaryImageOfPage\":{\"@id\":\"https:\\\/\\\/promoter.rally-series.com\\\/european-rally-series-um-novo-capitulo-para-provas-iconicas\\\/#primaryimage\"},\"image\":{\"@id\":\"https:\\\/\\\/promoter.rally-series.com\\\/european-rally-series-um-novo-capitulo-para-provas-iconicas\\\/#primaryimage\"},\"thumbnailUrl\":\"https:\\\/\\\/promoter.rally-series.com\\\/wp-content\\\/uploads\\\/2025\\\/10\\\/Foto-de-Capa-European-Rally-Series-Large.jpeg\",\"datePublished\":\"2025-10-06T21:00:53+00:00\",\"dateModified\":\"2025-10-09T15:20:17+00:00\",\"description\":\"Nascido em 2025, um novo desafio no panorama dos ralis europeus chega com ideias frescas, a come\u00e7ar pelo Rali da Madeira.\",\"breadcrumb\":{\"@id\":\"https:\\\/\\\/promoter.rally-series.com\\\/european-rally-series-um-novo-capitulo-para-provas-iconicas\\\/#breadcrumb\"},\"inLanguage\":\"en-US\",\"potentialAction\":[{\"@type\":\"ReadAction\",\"target\":[\"https:\\\/\\\/promoter.rally-series.com\\\/european-rally-series-um-novo-capitulo-para-provas-iconicas\\\/\"]}]},{\"@type\":\"ImageObject\",\"inLanguage\":\"en-US\",\"@id\":\"https:\\\/\\\/promoter.rally-series.com\\\/european-rally-series-um-novo-capitulo-para-provas-iconicas\\\/#primaryimage\",\"url\":\"https:\\\/\\\/promoter.rally-series.com\\\/wp-content\\\/uploads\\\/2025\\\/10\\\/Foto-de-Capa-European-Rally-Series-Large.jpeg\",\"contentUrl\":\"https:\\\/\\\/promoter.rally-series.com\\\/wp-content\\\/uploads\\\/2025\\\/10\\\/Foto-de-Capa-European-Rally-Series-Large.jpeg\",\"width\":1280,\"height\":720},{\"@type\":\"BreadcrumbList\",\"@id\":\"https:\\\/\\\/promoter.rally-series.com\\\/european-rally-series-um-novo-capitulo-para-provas-iconicas\\\/#breadcrumb\",\"itemListElement\":[{\"@type\":\"ListItem\",\"position\":1,\"name\":\"Home\",\"item\":\"https:\\\/\\\/promoter.rally-series.com\\\/\"},{\"@type\":\"ListItem\",\"position\":2,\"name\":\"European Rally Series: Um Novo Cap\u00edtulo para Provas Ic\u00f3nicas\"}]},{\"@type\":\"WebSite\",\"@id\":\"https:\\\/\\\/promoter.rally-series.com\\\/#website\",\"url\":\"https:\\\/\\\/promoter.rally-series.com\\\/\",\"name\":\"Promoter Rally Series\",\"description\":\"Uniting Fans, Drivers, and Roads\",\"publisher\":{\"@id\":\"https:\\\/\\\/promoter.rally-series.com\\\/#organization\"},\"potentialAction\":[{\"@type\":\"SearchAction\",\"target\":{\"@type\":\"EntryPoint\",\"urlTemplate\":\"https:\\\/\\\/promoter.rally-series.com\\\/?s={search_term_string}\"},\"query-input\":{\"@type\":\"PropertyValueSpecification\",\"valueRequired\":true,\"valueName\":\"search_term_string\"}}],\"inLanguage\":\"en-US\"},{\"@type\":\"Organization\",\"@id\":\"https:\\\/\\\/promoter.rally-series.com\\\/#organization\",\"name\":\"Promoter Rally Series\",\"url\":\"https:\\\/\\\/promoter.rally-series.com\\\/\",\"logo\":{\"@type\":\"ImageObject\",\"inLanguage\":\"en-US\",\"@id\":\"https:\\\/\\\/promoter.rally-series.com\\\/#\\\/schema\\\/logo\\\/image\\\/\",\"url\":\"https:\\\/\\\/promoter.rally-series.com\\\/wp-content\\\/uploads\\\/2025\\\/10\\\/Logo-Promoter1.png\",\"contentUrl\":\"https:\\\/\\\/promoter.rally-series.com\\\/wp-content\\\/uploads\\\/2025\\\/10\\\/Logo-Promoter1.png\",\"width\":942,\"height\":1204,\"caption\":\"Promoter Rally Series\"},\"image\":{\"@id\":\"https:\\\/\\\/promoter.rally-series.com\\\/#\\\/schema\\\/logo\\\/image\\\/\"}},{\"@type\":\"Person\",\"@id\":\"https:\\\/\\\/promoter.rally-series.com\\\/#\\\/schema\\\/person\\\/70974007523ec0c6c9936e26305b6a5b\",\"name\":\"admin\",\"image\":{\"@type\":\"ImageObject\",\"inLanguage\":\"en-US\",\"@id\":\"https:\\\/\\\/secure.gravatar.com\\\/avatar\\\/f33e2e0058df10eb23e9148d4c54000bfff6b16bede661928707b9564ff82293?s=96&d=mm&r=g\",\"url\":\"https:\\\/\\\/secure.gravatar.com\\\/avatar\\\/f33e2e0058df10eb23e9148d4c54000bfff6b16bede661928707b9564ff82293?s=96&d=mm&r=g\",\"contentUrl\":\"https:\\\/\\\/secure.gravatar.com\\\/avatar\\\/f33e2e0058df10eb23e9148d4c54000bfff6b16bede661928707b9564ff82293?s=96&d=mm&r=g\",\"caption\":\"admin\"},\"sameAs\":[\"https:\\\/\\\/promoter.rally-series.com\"],\"url\":\"https:\\\/\\\/promoter.rally-series.com\\\/en\\\/author\\\/rallyseries\\\/\"}]}<\/script>\n<!-- \/ Yoast SEO plugin. -->","yoast_head_json":{"title":"European Rally Series: Um Novo Cap\u00edtulo para Provas Ic\u00f3nicas - Promoter Rally Series","description":"Born in 2025, a new challenge in the European rally scene arrives with fresh ideas, starting with the Rali da Madeira.","robots":{"index":"index","follow":"follow","max-snippet":"max-snippet:-1","max-image-preview":"max-image-preview:large","max-video-preview":"max-video-preview:-1"},"canonical":"https:\/\/promoter.rally-series.com\/en\/european-rally-series-um-novo-capitulo-para-provas-iconicas\/","og_locale":"en_US","og_type":"article","og_title":"European Rally Series: Um Novo Cap\u00edtulo para Provas Ic\u00f3nicas - Promoter Rally Series","og_description":"Nascido em 2025, um novo desafio no panorama dos ralis europeus chega com ideias frescas, a come\u00e7ar pelo Rali da Madeira.","og_url":"https:\/\/promoter.rally-series.com\/en\/european-rally-series-um-novo-capitulo-para-provas-iconicas\/","og_site_name":"Promoter Rally Series","article_published_time":"2025-10-06T21:00:53+00:00","article_modified_time":"2025-10-09T15:20:17+00:00","og_image":[{"width":1280,"height":720,"url":"https:\/\/promoter.rally-series.com\/wp-content\/uploads\/2025\/10\/Foto-de-Capa-European-Rally-Series-Large.jpeg","type":"image\/jpeg"}],"author":"admin","twitter_card":"summary_large_image","twitter_misc":{"Written by":"admin","Est. reading time":"3 minutes"},"schema":{"@context":"https:\/\/schema.org","@graph":[{"@type":"Article","@id":"https:\/\/promoter.rally-series.com\/european-rally-series-um-novo-capitulo-para-provas-iconicas\/#article","isPartOf":{"@id":"https:\/\/promoter.rally-series.com\/european-rally-series-um-novo-capitulo-para-provas-iconicas\/"},"author":{"name":"admin","@id":"https:\/\/promoter.rally-series.com\/#\/schema\/person\/70974007523ec0c6c9936e26305b6a5b"},"headline":"European Rally Series: Um Novo Cap\u00edtulo para Provas Ic\u00f3nicas","datePublished":"2025-10-06T21:00:53+00:00","dateModified":"2025-10-09T15:20:17+00:00","mainEntityOfPage":{"@id":"https:\/\/promoter.rally-series.com\/european-rally-series-um-novo-capitulo-para-provas-iconicas\/"},"wordCount":493,"commentCount":0,"publisher":{"@id":"https:\/\/promoter.rally-series.com\/#organization"},"image":{"@id":"https:\/\/promoter.rally-series.com\/european-rally-series-um-novo-capitulo-para-provas-iconicas\/#primaryimage"},"thumbnailUrl":"https:\/\/promoter.rally-series.com\/wp-content\/uploads\/2025\/10\/Foto-de-Capa-European-Rally-Series-Large.jpeg","inLanguage":"en-US","potentialAction":[{"@type":"CommentAction","name":"Comment","target":["https:\/\/promoter.rally-series.com\/european-rally-series-um-novo-capitulo-para-provas-iconicas\/#respond"]}]},{"@type":"WebPage","@id":"https:\/\/promoter.rally-series.com\/european-rally-series-um-novo-capitulo-para-provas-iconicas\/","url":"https:\/\/promoter.rally-series.com\/european-rally-series-um-novo-capitulo-para-provas-iconicas\/","name":"European Rally Series: Um Novo Cap\u00edtulo para Provas Ic\u00f3nicas - Promoter Rally Series","isPartOf":{"@id":"https:\/\/promoter.rally-series.com\/#website"},"primaryImageOfPage":{"@id":"https:\/\/promoter.rally-series.com\/european-rally-series-um-novo-capitulo-para-provas-iconicas\/#primaryimage"},"image":{"@id":"https:\/\/promoter.rally-series.com\/european-rally-series-um-novo-capitulo-para-provas-iconicas\/#primaryimage"},"thumbnailUrl":"https:\/\/promoter.rally-series.com\/wp-content\/uploads\/2025\/10\/Foto-de-Capa-European-Rally-Series-Large.jpeg","datePublished":"2025-10-06T21:00:53+00:00","dateModified":"2025-10-09T15:20:17+00:00","description":"Born in 2025, a new challenge in the European rally scene arrives with fresh ideas, starting with the Rali da Madeira.","breadcrumb":{"@id":"https:\/\/promoter.rally-series.com\/european-rally-series-um-novo-capitulo-para-provas-iconicas\/#breadcrumb"},"inLanguage":"en-US","potentialAction":[{"@type":"ReadAction","target":["https:\/\/promoter.rally-series.com\/european-rally-series-um-novo-capitulo-para-provas-iconicas\/"]}]},{"@type":"ImageObject","inLanguage":"en-US","@id":"https:\/\/promoter.rally-series.com\/european-rally-series-um-novo-capitulo-para-provas-iconicas\/#primaryimage","url":"https:\/\/promoter.rally-series.com\/wp-content\/uploads\/2025\/10\/Foto-de-Capa-European-Rally-Series-Large.jpeg","contentUrl":"https:\/\/promoter.rally-series.com\/wp-content\/uploads\/2025\/10\/Foto-de-Capa-European-Rally-Series-Large.jpeg","width":1280,"height":720},{"@type":"BreadcrumbList","@id":"https:\/\/promoter.rally-series.com\/european-rally-series-um-novo-capitulo-para-provas-iconicas\/#breadcrumb","itemListElement":[{"@type":"ListItem","position":1,"name":"Home","item":"https:\/\/promoter.rally-series.com\/"},{"@type":"ListItem","position":2,"name":"European Rally Series: Um Novo Cap\u00edtulo para Provas Ic\u00f3nicas"}]},{"@type":"WebSite","@id":"https:\/\/promoter.rally-series.com\/#website","url":"https:\/\/promoter.rally-series.com\/","name":"Promoter Rally Series","description":"Uniting Fans, Drivers, and Roads","publisher":{"@id":"https:\/\/promoter.rally-series.com\/#organization"},"potentialAction":[{"@type":"SearchAction","target":{"@type":"EntryPoint","urlTemplate":"https:\/\/promoter.rally-series.com\/?s={search_term_string}"},"query-input":{"@type":"PropertyValueSpecification","valueRequired":true,"valueName":"search_term_string"}}],"inLanguage":"en-US"},{"@type":"Organization","@id":"https:\/\/promoter.rally-series.com\/#organization","name":"Promoter Rally Series","url":"https:\/\/promoter.rally-series.com\/","logo":{"@type":"ImageObject","inLanguage":"en-US","@id":"https:\/\/promoter.rally-series.com\/#\/schema\/logo\/image\/","url":"https:\/\/promoter.rally-series.com\/wp-content\/uploads\/2025\/10\/Logo-Promoter1.png","contentUrl":"https:\/\/promoter.rally-series.com\/wp-content\/uploads\/2025\/10\/Logo-Promoter1.png","width":942,"height":1204,"caption":"Promoter Rally Series"},"image":{"@id":"https:\/\/promoter.rally-series.com\/#\/schema\/logo\/image\/"}},{"@type":"Person","@id":"https:\/\/promoter.rally-series.com\/#\/schema\/person\/70974007523ec0c6c9936e26305b6a5b","name":"admin","image":{"@type":"ImageObject","inLanguage":"en-US","@id":"https:\/\/secure.gravatar.com\/avatar\/f33e2e0058df10eb23e9148d4c54000bfff6b16bede661928707b9564ff82293?s=96&d=mm&r=g","url":"https:\/\/secure.gravatar.com\/avatar\/f33e2e0058df10eb23e9148d4c54000bfff6b16bede661928707b9564ff82293?s=96&d=mm&r=g","contentUrl":"https:\/\/secure.gravatar.com\/avatar\/f33e2e0058df10eb23e9148d4c54000bfff6b16bede661928707b9564ff82293?s=96&d=mm&r=g","caption":"admin"},"sameAs":["https:\/\/promoter.rally-series.com"],"url":"https:\/\/promoter.rally-series.com\/en\/author\/rallyseries\/"}]}},"_links":{"self":[{"href":"https:\/\/promoter.rally-series.com\/en\/wp-json\/wp\/v2\/posts\/232","targetHints":{"allow":["GET"]}}],"collection":[{"href":"https:\/\/promoter.rally-series.com\/en\/wp-json\/wp\/v2\/posts"}],"about":[{"href":"https:\/\/promoter.rally-series.com\/en\/wp-json\/wp\/v2\/types\/post"}],"author":[{"embeddable":true,"href":"https:\/\/promoter.rally-series.com\/en\/wp-json\/wp\/v2\/users\/1"}],"replies":[{"embeddable":true,"href":"https:\/\/promoter.rally-series.com\/en\/wp-json\/wp\/v2\/comments?post=232"}],"version-history":[{"count":8,"href":"https:\/\/promoter.rally-series.com\/en\/wp-json\/wp\/v2\/posts\/232\/revisions"}],"predecessor-version":[{"id":295,"href":"https:\/\/promoter.rally-series.com\/en\/wp-json\/wp\/v2\/posts\/232\/revisions\/295"}],"wp:featuredmedia":[{"embeddable":true,"href":"https:\/\/promoter.rally-series.com\/en\/wp-json\/wp\/v2\/media\/235"}],"wp:attachment":[{"href":"https:\/\/promoter.rally-series.com\/en\/wp-json\/wp\/v2\/media?parent=232"}],"wp:term":[{"taxonomy":"category","embeddable":true,"href":"https:\/\/promoter.rally-series.com\/en\/wp-json\/wp\/v2\/categories?post=232"},{"taxonomy":"post_tag","embeddable":true,"href":"https:\/\/promoter.rally-series.com\/en\/wp-json\/wp\/v2\/tags?post=232"}],"curies":[{"name":"wp","href":"https:\/\/api.w.org\/{rel}","templated":true}]}}