{"id":251,"date":"2025-10-06T20:40:04","date_gmt":"2025-10-06T20:40:04","guid":{"rendered":"https:\/\/promoter.rally-series.com\/?p=251"},"modified":"2025-10-09T14:41:48","modified_gmt":"2025-10-09T14:41:48","slug":"rally-series-acelera-em-ponte-de-lima-com-grande-rececao-do-publico","status":"publish","type":"post","link":"https:\/\/promoter.rally-series.com\/en\/rally-series-acelera-em-ponte-de-lima-com-grande-rececao-do-publico\/","title":{"rendered":"Rally Series accelerates in Ponte de Lima with a great public reception"},"content":{"rendered":"<div data-elementor-type=\"wp-post\" data-elementor-id=\"251\" class=\"elementor elementor-251\" data-elementor-post-type=\"post\">\n\t\t\t\t<div class=\"elementor-element elementor-element-44e7dee6 e-con-full e-flex e-con e-parent\" data-id=\"44e7dee6\" data-element_type=\"container\" data-e-type=\"container\" data-settings=\"{&quot;background_background&quot;:&quot;classic&quot;}\">\n\t\t\t\t<div class=\"elementor-element elementor-element-336242ec elementor-widget__width-initial elementor-widget elementor-widget-image\" data-id=\"336242ec\" data-element_type=\"widget\" data-e-type=\"widget\" data-widget_type=\"image.default\">\n\t\t\t\t\t\t\t\t\t\t\t\t\t\t\t<img fetchpriority=\"high\" decoding=\"async\" width=\"800\" height=\"534\" src=\"https:\/\/promoter.rally-series.com\/wp-content\/uploads\/2025\/10\/Lagoa-Large-1024x683.jpeg\" class=\"attachment-large size-large wp-image-253\" alt=\"\" srcset=\"https:\/\/promoter.rally-series.com\/wp-content\/uploads\/2025\/10\/Lagoa-Large-1024x683.jpeg 1024w, https:\/\/promoter.rally-series.com\/wp-content\/uploads\/2025\/10\/Lagoa-Large-300x200.jpeg 300w, https:\/\/promoter.rally-series.com\/wp-content\/uploads\/2025\/10\/Lagoa-Large-768x512.jpeg 768w, https:\/\/promoter.rally-series.com\/wp-content\/uploads\/2025\/10\/Lagoa-Large-18x12.jpeg 18w, https:\/\/promoter.rally-series.com\/wp-content\/uploads\/2025\/10\/Lagoa-Large.jpeg 1280w\" sizes=\"(max-width: 800px) 100vw, 800px\" \/>\t\t\t\t\t\t\t\t\t\t\t\t\t\t\t<\/div>\n\t\t\t\t<div class=\"elementor-element elementor-element-4ebcc73c elementor-widget elementor-widget-heading\" data-id=\"4ebcc73c\" data-element_type=\"widget\" data-e-type=\"widget\" data-widget_type=\"heading.default\">\n\t\t\t\t\t<h2 class=\"elementor-heading-title elementor-size-default\">Rally Series accelerates in Ponte de Lima with a great public reception<\/h2>\t\t\t\t<\/div>\n\t\t\t\t<div class=\"elementor-element elementor-element-63d07a7f elementor-widget elementor-widget-heading\" data-id=\"63d07a7f\" data-element_type=\"widget\" data-e-type=\"widget\" data-widget_type=\"heading.default\">\n\t\t\t\t\t<h2 class=\"elementor-heading-title elementor-size-default\">Shakedown and downtown activities marked the return of rallying to Ponte de Lima<\/h2>\t\t\t\t<\/div>\n\t\t\t\t<div class=\"elementor-element elementor-element-121a76b8 elementor-widget elementor-widget-text-editor\" data-id=\"121a76b8\" data-element_type=\"widget\" data-e-type=\"widget\" data-widget_type=\"text-editor.default\">\n\t\t\t\t\t\t\t\t\t<p>Portugal\u2019s oldest town hosted today the official opening of the AMF Mobilidade Rally Series Ponte de Lima, with the long-awaited return of rallying celebrated in the heart of its historic center.<\/p><p>The highlight of Saturday was the event\u2019s official parade, with the rally cars crossing the Medieval Bridge before being displayed at Largo de Cam\u00f5es in front of hundreds of fans and locals.<\/p>\t\t\t\t\t\t\t\t<\/div>\n\t\t\t\t\t\t\t\n\t\t<img class=\"e-image-base\" \n\t\t\t\t\tdata-interaction-id=\"f8ba322\" \n\t\t \n\t\t data-e-type=\"widget\" data-id=\"f8ba322\"\n\t\t\t\t\t\t\t\t\tid=\"255\"\n\t\t\t\t\t\t\t\t\t\t\t\tsrc=\"https:\/\/promoter.rally-series.com\/wp-content\/uploads\/2025\/10\/Silva-Large.jpeg\"\n\t\t\t\t\t\t\t\t\t\t\t\twidth=\"1280\"\n\t\t\t\t\t\t\t\t\t\t\t\theight=\"854\"\n\t\t\t\t\t\t\t\t\t\t\t\tsrcset=\"https:\/\/promoter.rally-series.com\/wp-content\/uploads\/2025\/10\/Silva-Large.jpeg 1280w, https:\/\/promoter.rally-series.com\/wp-content\/uploads\/2025\/10\/Silva-Large-300x200.jpeg 300w, https:\/\/promoter.rally-series.com\/wp-content\/uploads\/2025\/10\/Silva-Large-1024x683.jpeg 1024w, https:\/\/promoter.rally-series.com\/wp-content\/uploads\/2025\/10\/Silva-Large-768x512.jpeg 768w, https:\/\/promoter.rally-series.com\/wp-content\/uploads\/2025\/10\/Silva-Large-18x12.jpeg 18w\"\n\t\t\t\t\t\t\t\t\t\t\t\talt=\"\"\n\t\t\t\t\t\t\/>\n\t\t\t\t\t<div class=\"elementor-element elementor-element-17caf203 elementor-widget elementor-widget-text-editor\" data-id=\"17caf203\" data-element_type=\"widget\" data-e-type=\"widget\" data-widget_type=\"text-editor.default\">\n\t\t\t\t\t\t\t\t\t<p class=\"mcePastedContent\">The shakedown of Round #3 of the Portugal Rally Series gave competitors their first competitive kilometers on the Arena Expolima course. With favorable weather conditions, drivers were able to assess their car setups ahead of an intense Sunday of competition. Several crews also used the session to get familiar with the urban surface before returning to the service area in the FanZone.<\/p><p>The FanZone set up in the heart of Expolima was once again one of the highlights of the day, attracting large crowds of fans and families. Partner activations, rally simulators, food areas, and an autograph session with several drivers kept the atmosphere lively throughout the afternoon, while the DJ Sunset carried the entertainment well into the night.<\/p>\t\t\t\t\t\t\t\t<\/div>\n\t\t\t\t\t\t\t\n\t\t<img class=\"e-image-base\" \n\t\t\t\t\tdata-interaction-id=\"2cfdee6\" \n\t\t \n\t\t data-e-type=\"widget\" data-id=\"2cfdee6\"\n\t\t\t\t\t\t\t\t\tid=\"254\"\n\t\t\t\t\t\t\t\t\t\t\t\tsrc=\"https:\/\/promoter.rally-series.com\/wp-content\/uploads\/2025\/10\/Marujo-Large.jpeg\"\n\t\t\t\t\t\t\t\t\t\t\t\twidth=\"1280\"\n\t\t\t\t\t\t\t\t\t\t\t\theight=\"852\"\n\t\t\t\t\t\t\t\t\t\t\t\tsrcset=\"https:\/\/promoter.rally-series.com\/wp-content\/uploads\/2025\/10\/Marujo-Large.jpeg 1280w, https:\/\/promoter.rally-series.com\/wp-content\/uploads\/2025\/10\/Marujo-Large-300x200.jpeg 300w, https:\/\/promoter.rally-series.com\/wp-content\/uploads\/2025\/10\/Marujo-Large-1024x682.jpeg 1024w, https:\/\/promoter.rally-series.com\/wp-content\/uploads\/2025\/10\/Marujo-Large-768x511.jpeg 768w, https:\/\/promoter.rally-series.com\/wp-content\/uploads\/2025\/10\/Marujo-Large-18x12.jpeg 18w\"\n\t\t\t\t\t\t\t\t\t\t\t\talt=\"\"\n\t\t\t\t\t\t\/>\n\t\t\t\t\t<div class=\"elementor-element elementor-element-1cf2d3fc elementor-widget elementor-widget-text-editor\" data-id=\"1cf2d3fc\" data-element_type=\"widget\" data-e-type=\"widget\" data-widget_type=\"text-editor.default\">\n\t\t\t\t\t\t\t\t\t<p class=\"mcePastedContent\">Competition gets underway on Sunday morning, with competitors tackling four runs through the Arena \u2014 featuring the double 360\u00ba by Castrol promising plenty of spectacle \u2014 and three runs on the iconic Cerquido stage.<\/p><p>The first stage of Round #3 starts at 10:13, and the day will conclude with the podium ceremony scheduled for 18:25.<\/p>\t\t\t\t\t\t\t\t<\/div>\n\t\t\t\t<\/div>\n\t\t\t\t<\/div>","protected":false},"excerpt":{"rendered":"<p>Shakedown and downtown activities marked the return of rallying to Ponte de Lima<\/p>","protected":false},"author":1,"featured_media":253,"comment_status":"open","ping_status":"open","sticky":false,"template":"elementor_header_footer","format":"standard","meta":{"iawp_total_views":1,"footnotes":""},"categories":[1],"tags":[],"class_list":["post-251","post","type-post","status-publish","format-standard","has-post-thumbnail","hentry","category-uncategorized"],"yoast_head":"<!-- This site is optimized with the Yoast SEO plugin v27.5 - https:\/\/yoast.com\/product\/yoast-seo-wordpress\/ -->\n<title>Rally Series acelera em Ponte de Lima com grande rece\u00e7\u00e3o do p\u00fablico - Promoter Rally Series<\/title>\n<meta name=\"description\" content=\"Shakedown e atividades no centro da vila marcaram o regresso dos ralis a Ponte de Lima\" \/>\n<meta name=\"robots\" content=\"index, follow, max-snippet:-1, max-image-preview:large, max-video-preview:-1\" \/>\n<link rel=\"canonical\" href=\"https:\/\/promoter.rally-series.com\/en\/rally-series-acelera-em-ponte-de-lima-com-grande-rececao-do-publico\/\" \/>\n<meta property=\"og:locale\" content=\"en_US\" \/>\n<meta property=\"og:type\" content=\"article\" \/>\n<meta property=\"og:title\" content=\"Rally Series acelera em Ponte de Lima com grande rece\u00e7\u00e3o do p\u00fablico - Promoter Rally Series\" \/>\n<meta property=\"og:description\" content=\"Shakedown e atividades no centro da vila marcaram o regresso dos ralis a Ponte de Lima\" \/>\n<meta property=\"og:url\" content=\"https:\/\/promoter.rally-series.com\/en\/rally-series-acelera-em-ponte-de-lima-com-grande-rececao-do-publico\/\" \/>\n<meta property=\"og:site_name\" content=\"Promoter Rally Series\" \/>\n<meta property=\"article:published_time\" content=\"2025-10-06T20:40:04+00:00\" \/>\n<meta property=\"article:modified_time\" content=\"2025-10-09T14:41:48+00:00\" \/>\n<meta property=\"og:image\" content=\"https:\/\/promoter.rally-series.com\/wp-content\/uploads\/2025\/10\/Lagoa-Large.jpeg\" \/>\n\t<meta property=\"og:image:width\" content=\"1280\" \/>\n\t<meta property=\"og:image:height\" content=\"854\" \/>\n\t<meta property=\"og:image:type\" content=\"image\/jpeg\" \/>\n<meta name=\"author\" content=\"admin\" \/>\n<meta name=\"twitter:card\" content=\"summary_large_image\" \/>\n<meta name=\"twitter:label1\" content=\"Written by\" \/>\n\t<meta name=\"twitter:data1\" content=\"admin\" \/>\n\t<meta name=\"twitter:label2\" content=\"Est. reading time\" \/>\n\t<meta name=\"twitter:data2\" content=\"4 minutes\" \/>\n<script type=\"application\/ld+json\" class=\"yoast-schema-graph\">{\"@context\":\"https:\\\/\\\/schema.org\",\"@graph\":[{\"@type\":\"Article\",\"@id\":\"https:\\\/\\\/promoter.rally-series.com\\\/rally-series-acelera-em-ponte-de-lima-com-grande-rececao-do-publico\\\/#article\",\"isPartOf\":{\"@id\":\"https:\\\/\\\/promoter.rally-series.com\\\/rally-series-acelera-em-ponte-de-lima-com-grande-rececao-do-publico\\\/\"},\"author\":{\"name\":\"admin\",\"@id\":\"https:\\\/\\\/promoter.rally-series.com\\\/#\\\/schema\\\/person\\\/70974007523ec0c6c9936e26305b6a5b\"},\"headline\":\"Rally Series acelera em Ponte de Lima com grande rece\u00e7\u00e3o do p\u00fablico\",\"datePublished\":\"2025-10-06T20:40:04+00:00\",\"dateModified\":\"2025-10-09T14:41:48+00:00\",\"mainEntityOfPage\":{\"@id\":\"https:\\\/\\\/promoter.rally-series.com\\\/rally-series-acelera-em-ponte-de-lima-com-grande-rececao-do-publico\\\/\"},\"wordCount\":289,\"commentCount\":0,\"publisher\":{\"@id\":\"https:\\\/\\\/promoter.rally-series.com\\\/#organization\"},\"image\":{\"@id\":\"https:\\\/\\\/promoter.rally-series.com\\\/rally-series-acelera-em-ponte-de-lima-com-grande-rececao-do-publico\\\/#primaryimage\"},\"thumbnailUrl\":\"https:\\\/\\\/promoter.rally-series.com\\\/wp-content\\\/uploads\\\/2025\\\/10\\\/Lagoa-Large.jpeg\",\"inLanguage\":\"en-US\",\"potentialAction\":[{\"@type\":\"CommentAction\",\"name\":\"Comment\",\"target\":[\"https:\\\/\\\/promoter.rally-series.com\\\/rally-series-acelera-em-ponte-de-lima-com-grande-rececao-do-publico\\\/#respond\"]}]},{\"@type\":\"WebPage\",\"@id\":\"https:\\\/\\\/promoter.rally-series.com\\\/rally-series-acelera-em-ponte-de-lima-com-grande-rececao-do-publico\\\/\",\"url\":\"https:\\\/\\\/promoter.rally-series.com\\\/rally-series-acelera-em-ponte-de-lima-com-grande-rececao-do-publico\\\/\",\"name\":\"Rally Series acelera em Ponte de Lima com grande rece\u00e7\u00e3o do p\u00fablico - Promoter Rally Series\",\"isPartOf\":{\"@id\":\"https:\\\/\\\/promoter.rally-series.com\\\/#website\"},\"primaryImageOfPage\":{\"@id\":\"https:\\\/\\\/promoter.rally-series.com\\\/rally-series-acelera-em-ponte-de-lima-com-grande-rececao-do-publico\\\/#primaryimage\"},\"image\":{\"@id\":\"https:\\\/\\\/promoter.rally-series.com\\\/rally-series-acelera-em-ponte-de-lima-com-grande-rececao-do-publico\\\/#primaryimage\"},\"thumbnailUrl\":\"https:\\\/\\\/promoter.rally-series.com\\\/wp-content\\\/uploads\\\/2025\\\/10\\\/Lagoa-Large.jpeg\",\"datePublished\":\"2025-10-06T20:40:04+00:00\",\"dateModified\":\"2025-10-09T14:41:48+00:00\",\"description\":\"Shakedown e atividades no centro da vila marcaram o regresso dos ralis a Ponte de Lima\",\"breadcrumb\":{\"@id\":\"https:\\\/\\\/promoter.rally-series.com\\\/rally-series-acelera-em-ponte-de-lima-com-grande-rececao-do-publico\\\/#breadcrumb\"},\"inLanguage\":\"en-US\",\"potentialAction\":[{\"@type\":\"ReadAction\",\"target\":[\"https:\\\/\\\/promoter.rally-series.com\\\/rally-series-acelera-em-ponte-de-lima-com-grande-rececao-do-publico\\\/\"]}]},{\"@type\":\"ImageObject\",\"inLanguage\":\"en-US\",\"@id\":\"https:\\\/\\\/promoter.rally-series.com\\\/rally-series-acelera-em-ponte-de-lima-com-grande-rececao-do-publico\\\/#primaryimage\",\"url\":\"https:\\\/\\\/promoter.rally-series.com\\\/wp-content\\\/uploads\\\/2025\\\/10\\\/Lagoa-Large.jpeg\",\"contentUrl\":\"https:\\\/\\\/promoter.rally-series.com\\\/wp-content\\\/uploads\\\/2025\\\/10\\\/Lagoa-Large.jpeg\",\"width\":1280,\"height\":854},{\"@type\":\"BreadcrumbList\",\"@id\":\"https:\\\/\\\/promoter.rally-series.com\\\/rally-series-acelera-em-ponte-de-lima-com-grande-rececao-do-publico\\\/#breadcrumb\",\"itemListElement\":[{\"@type\":\"ListItem\",\"position\":1,\"name\":\"Home\",\"item\":\"https:\\\/\\\/promoter.rally-series.com\\\/\"},{\"@type\":\"ListItem\",\"position\":2,\"name\":\"Rally Series acelera em Ponte de Lima com grande rece\u00e7\u00e3o do p\u00fablico\"}]},{\"@type\":\"WebSite\",\"@id\":\"https:\\\/\\\/promoter.rally-series.com\\\/#website\",\"url\":\"https:\\\/\\\/promoter.rally-series.com\\\/\",\"name\":\"Promoter Rally Series\",\"description\":\"Uniting Fans, Drivers, and Roads\",\"publisher\":{\"@id\":\"https:\\\/\\\/promoter.rally-series.com\\\/#organization\"},\"potentialAction\":[{\"@type\":\"SearchAction\",\"target\":{\"@type\":\"EntryPoint\",\"urlTemplate\":\"https:\\\/\\\/promoter.rally-series.com\\\/?s={search_term_string}\"},\"query-input\":{\"@type\":\"PropertyValueSpecification\",\"valueRequired\":true,\"valueName\":\"search_term_string\"}}],\"inLanguage\":\"en-US\"},{\"@type\":\"Organization\",\"@id\":\"https:\\\/\\\/promoter.rally-series.com\\\/#organization\",\"name\":\"Promoter Rally Series\",\"url\":\"https:\\\/\\\/promoter.rally-series.com\\\/\",\"logo\":{\"@type\":\"ImageObject\",\"inLanguage\":\"en-US\",\"@id\":\"https:\\\/\\\/promoter.rally-series.com\\\/#\\\/schema\\\/logo\\\/image\\\/\",\"url\":\"https:\\\/\\\/promoter.rally-series.com\\\/wp-content\\\/uploads\\\/2025\\\/10\\\/Logo-Promoter1.png\",\"contentUrl\":\"https:\\\/\\\/promoter.rally-series.com\\\/wp-content\\\/uploads\\\/2025\\\/10\\\/Logo-Promoter1.png\",\"width\":942,\"height\":1204,\"caption\":\"Promoter Rally Series\"},\"image\":{\"@id\":\"https:\\\/\\\/promoter.rally-series.com\\\/#\\\/schema\\\/logo\\\/image\\\/\"}},{\"@type\":\"Person\",\"@id\":\"https:\\\/\\\/promoter.rally-series.com\\\/#\\\/schema\\\/person\\\/70974007523ec0c6c9936e26305b6a5b\",\"name\":\"admin\",\"image\":{\"@type\":\"ImageObject\",\"inLanguage\":\"en-US\",\"@id\":\"https:\\\/\\\/secure.gravatar.com\\\/avatar\\\/f33e2e0058df10eb23e9148d4c54000bfff6b16bede661928707b9564ff82293?s=96&d=mm&r=g\",\"url\":\"https:\\\/\\\/secure.gravatar.com\\\/avatar\\\/f33e2e0058df10eb23e9148d4c54000bfff6b16bede661928707b9564ff82293?s=96&d=mm&r=g\",\"contentUrl\":\"https:\\\/\\\/secure.gravatar.com\\\/avatar\\\/f33e2e0058df10eb23e9148d4c54000bfff6b16bede661928707b9564ff82293?s=96&d=mm&r=g\",\"caption\":\"admin\"},\"sameAs\":[\"https:\\\/\\\/promoter.rally-series.com\"],\"url\":\"https:\\\/\\\/promoter.rally-series.com\\\/en\\\/author\\\/rallyseries\\\/\"}]}<\/script>\n<!-- \/ Yoast SEO plugin. -->","yoast_head_json":{"title":"Rally Series acelera em Ponte de Lima com grande rece\u00e7\u00e3o do p\u00fablico - Promoter Rally Series","description":"Shakedown and downtown activities marked the return of rallying to Ponte de Lima","robots":{"index":"index","follow":"follow","max-snippet":"max-snippet:-1","max-image-preview":"max-image-preview:large","max-video-preview":"max-video-preview:-1"},"canonical":"https:\/\/promoter.rally-series.com\/en\/rally-series-acelera-em-ponte-de-lima-com-grande-rececao-do-publico\/","og_locale":"en_US","og_type":"article","og_title":"Rally Series acelera em Ponte de Lima com grande rece\u00e7\u00e3o do p\u00fablico - Promoter Rally Series","og_description":"Shakedown e atividades no centro da vila marcaram o regresso dos ralis a Ponte de Lima","og_url":"https:\/\/promoter.rally-series.com\/en\/rally-series-acelera-em-ponte-de-lima-com-grande-rececao-do-publico\/","og_site_name":"Promoter Rally Series","article_published_time":"2025-10-06T20:40:04+00:00","article_modified_time":"2025-10-09T14:41:48+00:00","og_image":[{"width":1280,"height":854,"url":"https:\/\/promoter.rally-series.com\/wp-content\/uploads\/2025\/10\/Lagoa-Large.jpeg","type":"image\/jpeg"}],"author":"admin","twitter_card":"summary_large_image","twitter_misc":{"Written by":"admin","Est. reading time":"4 minutes"},"schema":{"@context":"https:\/\/schema.org","@graph":[{"@type":"Article","@id":"https:\/\/promoter.rally-series.com\/rally-series-acelera-em-ponte-de-lima-com-grande-rececao-do-publico\/#article","isPartOf":{"@id":"https:\/\/promoter.rally-series.com\/rally-series-acelera-em-ponte-de-lima-com-grande-rececao-do-publico\/"},"author":{"name":"admin","@id":"https:\/\/promoter.rally-series.com\/#\/schema\/person\/70974007523ec0c6c9936e26305b6a5b"},"headline":"Rally Series acelera em Ponte de Lima com grande rece\u00e7\u00e3o do p\u00fablico","datePublished":"2025-10-06T20:40:04+00:00","dateModified":"2025-10-09T14:41:48+00:00","mainEntityOfPage":{"@id":"https:\/\/promoter.rally-series.com\/rally-series-acelera-em-ponte-de-lima-com-grande-rececao-do-publico\/"},"wordCount":289,"commentCount":0,"publisher":{"@id":"https:\/\/promoter.rally-series.com\/#organization"},"image":{"@id":"https:\/\/promoter.rally-series.com\/rally-series-acelera-em-ponte-de-lima-com-grande-rececao-do-publico\/#primaryimage"},"thumbnailUrl":"https:\/\/promoter.rally-series.com\/wp-content\/uploads\/2025\/10\/Lagoa-Large.jpeg","inLanguage":"en-US","potentialAction":[{"@type":"CommentAction","name":"Comment","target":["https:\/\/promoter.rally-series.com\/rally-series-acelera-em-ponte-de-lima-com-grande-rececao-do-publico\/#respond"]}]},{"@type":"WebPage","@id":"https:\/\/promoter.rally-series.com\/rally-series-acelera-em-ponte-de-lima-com-grande-rececao-do-publico\/","url":"https:\/\/promoter.rally-series.com\/rally-series-acelera-em-ponte-de-lima-com-grande-rececao-do-publico\/","name":"Rally Series acelera em Ponte de Lima com grande rece\u00e7\u00e3o do p\u00fablico - Promoter Rally Series","isPartOf":{"@id":"https:\/\/promoter.rally-series.com\/#website"},"primaryImageOfPage":{"@id":"https:\/\/promoter.rally-series.com\/rally-series-acelera-em-ponte-de-lima-com-grande-rececao-do-publico\/#primaryimage"},"image":{"@id":"https:\/\/promoter.rally-series.com\/rally-series-acelera-em-ponte-de-lima-com-grande-rececao-do-publico\/#primaryimage"},"thumbnailUrl":"https:\/\/promoter.rally-series.com\/wp-content\/uploads\/2025\/10\/Lagoa-Large.jpeg","datePublished":"2025-10-06T20:40:04+00:00","dateModified":"2025-10-09T14:41:48+00:00","description":"Shakedown and downtown activities marked the return of rallying to Ponte de Lima","breadcrumb":{"@id":"https:\/\/promoter.rally-series.com\/rally-series-acelera-em-ponte-de-lima-com-grande-rececao-do-publico\/#breadcrumb"},"inLanguage":"en-US","potentialAction":[{"@type":"ReadAction","target":["https:\/\/promoter.rally-series.com\/rally-series-acelera-em-ponte-de-lima-com-grande-rececao-do-publico\/"]}]},{"@type":"ImageObject","inLanguage":"en-US","@id":"https:\/\/promoter.rally-series.com\/rally-series-acelera-em-ponte-de-lima-com-grande-rececao-do-publico\/#primaryimage","url":"https:\/\/promoter.rally-series.com\/wp-content\/uploads\/2025\/10\/Lagoa-Large.jpeg","contentUrl":"https:\/\/promoter.rally-series.com\/wp-content\/uploads\/2025\/10\/Lagoa-Large.jpeg","width":1280,"height":854},{"@type":"BreadcrumbList","@id":"https:\/\/promoter.rally-series.com\/rally-series-acelera-em-ponte-de-lima-com-grande-rececao-do-publico\/#breadcrumb","itemListElement":[{"@type":"ListItem","position":1,"name":"Home","item":"https:\/\/promoter.rally-series.com\/"},{"@type":"ListItem","position":2,"name":"Rally Series acelera em Ponte de Lima com grande rece\u00e7\u00e3o do p\u00fablico"}]},{"@type":"WebSite","@id":"https:\/\/promoter.rally-series.com\/#website","url":"https:\/\/promoter.rally-series.com\/","name":"Promoter Rally Series","description":"Uniting Fans, Drivers, and Roads","publisher":{"@id":"https:\/\/promoter.rally-series.com\/#organization"},"potentialAction":[{"@type":"SearchAction","target":{"@type":"EntryPoint","urlTemplate":"https:\/\/promoter.rally-series.com\/?s={search_term_string}"},"query-input":{"@type":"PropertyValueSpecification","valueRequired":true,"valueName":"search_term_string"}}],"inLanguage":"en-US"},{"@type":"Organization","@id":"https:\/\/promoter.rally-series.com\/#organization","name":"Promoter Rally Series","url":"https:\/\/promoter.rally-series.com\/","logo":{"@type":"ImageObject","inLanguage":"en-US","@id":"https:\/\/promoter.rally-series.com\/#\/schema\/logo\/image\/","url":"https:\/\/promoter.rally-series.com\/wp-content\/uploads\/2025\/10\/Logo-Promoter1.png","contentUrl":"https:\/\/promoter.rally-series.com\/wp-content\/uploads\/2025\/10\/Logo-Promoter1.png","width":942,"height":1204,"caption":"Promoter Rally Series"},"image":{"@id":"https:\/\/promoter.rally-series.com\/#\/schema\/logo\/image\/"}},{"@type":"Person","@id":"https:\/\/promoter.rally-series.com\/#\/schema\/person\/70974007523ec0c6c9936e26305b6a5b","name":"admin","image":{"@type":"ImageObject","inLanguage":"en-US","@id":"https:\/\/secure.gravatar.com\/avatar\/f33e2e0058df10eb23e9148d4c54000bfff6b16bede661928707b9564ff82293?s=96&d=mm&r=g","url":"https:\/\/secure.gravatar.com\/avatar\/f33e2e0058df10eb23e9148d4c54000bfff6b16bede661928707b9564ff82293?s=96&d=mm&r=g","contentUrl":"https:\/\/secure.gravatar.com\/avatar\/f33e2e0058df10eb23e9148d4c54000bfff6b16bede661928707b9564ff82293?s=96&d=mm&r=g","caption":"admin"},"sameAs":["https:\/\/promoter.rally-series.com"],"url":"https:\/\/promoter.rally-series.com\/en\/author\/rallyseries\/"}]}},"_links":{"self":[{"href":"https:\/\/promoter.rally-series.com\/en\/wp-json\/wp\/v2\/posts\/251","targetHints":{"allow":["GET"]}}],"collection":[{"href":"https:\/\/promoter.rally-series.com\/en\/wp-json\/wp\/v2\/posts"}],"about":[{"href":"https:\/\/promoter.rally-series.com\/en\/wp-json\/wp\/v2\/types\/post"}],"author":[{"embeddable":true,"href":"https:\/\/promoter.rally-series.com\/en\/wp-json\/wp\/v2\/users\/1"}],"replies":[{"embeddable":true,"href":"https:\/\/promoter.rally-series.com\/en\/wp-json\/wp\/v2\/comments?post=251"}],"version-history":[{"count":5,"href":"https:\/\/promoter.rally-series.com\/en\/wp-json\/wp\/v2\/posts\/251\/revisions"}],"predecessor-version":[{"id":259,"href":"https:\/\/promoter.rally-series.com\/en\/wp-json\/wp\/v2\/posts\/251\/revisions\/259"}],"wp:featuredmedia":[{"embeddable":true,"href":"https:\/\/promoter.rally-series.com\/en\/wp-json\/wp\/v2\/media\/253"}],"wp:attachment":[{"href":"https:\/\/promoter.rally-series.com\/en\/wp-json\/wp\/v2\/media?parent=251"}],"wp:term":[{"taxonomy":"category","embeddable":true,"href":"https:\/\/promoter.rally-series.com\/en\/wp-json\/wp\/v2\/categories?post=251"},{"taxonomy":"post_tag","embeddable":true,"href":"https:\/\/promoter.rally-series.com\/en\/wp-json\/wp\/v2\/tags?post=251"}],"curies":[{"name":"wp","href":"https:\/\/api.w.org\/{rel}","templated":true}]}}