{"id":260,"date":"2025-10-06T21:42:30","date_gmt":"2025-10-06T21:42:30","guid":{"rendered":"https:\/\/promoter.rally-series.com\/?p=260"},"modified":"2025-10-09T15:15:23","modified_gmt":"2025-10-09T15:15:23","slug":"um-balanco-positivo-em-sever-do-vouga-vouga-sport-clube-destaca-impacto-da-ronda-4","status":"publish","type":"post","link":"https:\/\/promoter.rally-series.com\/en\/um-balanco-positivo-em-sever-do-vouga-vouga-sport-clube-destaca-impacto-da-ronda-4\/","title":{"rendered":"A positive outcome in Sever do Vouga: Vouga Sport Clube highlights the impact of Round #4"},"content":{"rendered":"<div data-elementor-type=\"wp-post\" data-elementor-id=\"260\" class=\"elementor elementor-260\" data-elementor-post-type=\"post\">\n\t\t\t\t<div class=\"elementor-element elementor-element-44e7dee6 e-con-full e-flex e-con e-parent\" data-id=\"44e7dee6\" data-element_type=\"container\" data-e-type=\"container\" data-settings=\"{&quot;background_background&quot;:&quot;classic&quot;}\">\n\t\t\t\t<div class=\"elementor-element elementor-element-336242ec elementor-widget__width-initial elementor-widget elementor-widget-image\" data-id=\"336242ec\" data-element_type=\"widget\" data-e-type=\"widget\" data-widget_type=\"image.default\">\n\t\t\t\t\t\t\t\t\t\t\t\t\t\t\t<img fetchpriority=\"high\" decoding=\"async\" width=\"800\" height=\"533\" src=\"https:\/\/promoter.rally-series.com\/wp-content\/uploads\/2025\/10\/Sever-do-Vouga-Large-1-1024x682.jpeg\" class=\"attachment-large size-large wp-image-262\" alt=\"\" srcset=\"https:\/\/promoter.rally-series.com\/wp-content\/uploads\/2025\/10\/Sever-do-Vouga-Large-1-1024x682.jpeg 1024w, https:\/\/promoter.rally-series.com\/wp-content\/uploads\/2025\/10\/Sever-do-Vouga-Large-1-300x200.jpeg 300w, https:\/\/promoter.rally-series.com\/wp-content\/uploads\/2025\/10\/Sever-do-Vouga-Large-1-768x512.jpeg 768w, https:\/\/promoter.rally-series.com\/wp-content\/uploads\/2025\/10\/Sever-do-Vouga-Large-1-18x12.jpeg 18w, https:\/\/promoter.rally-series.com\/wp-content\/uploads\/2025\/10\/Sever-do-Vouga-Large-1.jpeg 1280w\" sizes=\"(max-width: 800px) 100vw, 800px\" \/>\t\t\t\t\t\t\t\t\t\t\t\t\t\t\t<\/div>\n\t\t\t\t<div class=\"elementor-element elementor-element-4ebcc73c elementor-widget elementor-widget-heading\" data-id=\"4ebcc73c\" data-element_type=\"widget\" data-e-type=\"widget\" data-widget_type=\"heading.default\">\n\t\t\t\t\t<h2 class=\"elementor-heading-title elementor-size-default\">A positive outcome in Sever do Vouga: Vouga Sport Clube highlights the impact of Round #4<\/h2>\t\t\t\t<\/div>\n\t\t\t\t<div class=\"elementor-element elementor-element-63d07a7f elementor-widget elementor-widget-heading\" data-id=\"63d07a7f\" data-element_type=\"widget\" data-e-type=\"widget\" data-widget_type=\"heading.default\">\n\t\t\t\t\t<h2 class=\"elementor-heading-title elementor-size-default\">\u201cThe Rally Series was a winning bet for Sever do Vouga, bringing fans, drivers, and the community closer together,\u201d was how M\u00e1rio Martins, president of Vouga Sport Clube, described Round #4.<\/h2>\t\t\t\t<\/div>\n\t\t\t\t<div class=\"elementor-element elementor-element-121a76b8 elementor-widget elementor-widget-text-editor\" data-id=\"121a76b8\" data-element_type=\"widget\" data-e-type=\"widget\" data-widget_type=\"text-editor.default\">\n\t\t\t\t\t\t\t\t\t<p>Vouga Sport Clube made a very positive assessment of Round #4 of the Portugal Rally Series, held in Sever do Vouga. For M\u00e1rio Martins, the club\u2019s president, the municipality\u2019s debut on the championship calendar\u00a0<em><strong>\u201cexceeded the expectations of both the club and the Municipal Council.\u201d<\/strong><\/em>\u00a0and gave clear signs that this could be a project with continuity.<\/p><p>Um dos aspetos mais elogiados pela organiza\u00e7\u00e3o local foi a forma como o formato Rally Series permitiu aproximar p\u00fablico e classificativas.<br \/><br \/><em><strong>\u201cThe advantage of having the Arena close to the external stage is that it allows the audience to move between the two areas without long distances or access barriers. That was a key highlight and greatly enhanced the experience for those who came to watch.\u201d<\/strong><\/em>he emphasized.<\/p>\t\t\t\t\t\t\t\t<\/div>\n\t\t\t\t\t\t\t\n\t\t<img class=\"e-image-base\" \n\t\t\t\t\tdata-interaction-id=\"f8ba322\" \n\t\t \n\t\t data-e-type=\"widget\" data-id=\"f8ba322\"\n\t\t\t\t\t\t\t\t\tid=\"263\"\n\t\t\t\t\t\t\t\t\t\t\t\tsrc=\"https:\/\/promoter.rally-series.com\/wp-content\/uploads\/2025\/10\/Sever-do-Vouga1-Large.jpeg\"\n\t\t\t\t\t\t\t\t\t\t\t\twidth=\"1280\"\n\t\t\t\t\t\t\t\t\t\t\t\theight=\"853\"\n\t\t\t\t\t\t\t\t\t\t\t\tsrcset=\"https:\/\/promoter.rally-series.com\/wp-content\/uploads\/2025\/10\/Sever-do-Vouga1-Large.jpeg 1280w, https:\/\/promoter.rally-series.com\/wp-content\/uploads\/2025\/10\/Sever-do-Vouga1-Large-300x200.jpeg 300w, https:\/\/promoter.rally-series.com\/wp-content\/uploads\/2025\/10\/Sever-do-Vouga1-Large-1024x682.jpeg 1024w, https:\/\/promoter.rally-series.com\/wp-content\/uploads\/2025\/10\/Sever-do-Vouga1-Large-768x512.jpeg 768w, https:\/\/promoter.rally-series.com\/wp-content\/uploads\/2025\/10\/Sever-do-Vouga1-Large-18x12.jpeg 18w\"\n\t\t\t\t\t\t\t\t\t\t\t\talt=\"\"\n\t\t\t\t\t\t\/>\n\t\t\t\t\t<div class=\"elementor-element elementor-element-17caf203 elementor-widget elementor-widget-text-editor\" data-id=\"17caf203\" data-element_type=\"widget\" data-e-type=\"widget\" data-widget_type=\"text-editor.default\">\n\t\t\t\t\t\t\t\t\t<p>For the Sever do Vouga community, hosting the event was equally significant.\u00a0<em><strong>\u201cIt\u2019s very important for us. We have some history in motorsport, especially in Rallycross and Rally de Portugal, but we wanted to bring in new formats. The Rally Series was a winning bet, also thanks to the promotional side beyond the competition \u2014 the autograph session and the dynamic presentation were excellent innovations.\u201d<\/strong><\/em>he added.<\/p><p>The official also gave hints about the future. According to M\u00e1rio Martins, Vouga Sport Clube is looking to collaborate again in 2026:\u00a0<em><strong>\u201cAs far as the club is concerned, we\u2019ll work together again, of course in collaboration with the Municipal Council.\u201d<\/strong><\/em>As for future developments, there are already ideas on the table:\u00a0<em><strong>\u201cWe\u2019d like to discuss the possibility of running the course on gravel, using a section that was also part of Rally de Portugal. Another option is to involve more neighboring municipalities that have shown interest in collaborating with us and with the Rally Series.\u201d<\/strong><\/em><\/p><p>Finally, M\u00e1rio Martins highlighted the distinctive role of the model implemented.\u00a0<em><strong>\u201cThe Rally Series is the future of rallying. In a single weekend, we manage to condense what in traditional rallies usually takes three or four days. It\u2019s a format with several key advantages, including cost control \u2014 both for organizers and drivers. One cannot exist without the other, and here we\u2019ve managed to find that balance.\u201d<\/strong><\/em><\/p>\t\t\t\t\t\t\t\t<\/div>\n\t\t\t\t\t\t\t\n\t\t<img class=\"e-image-base\" \n\t\t\t\t\tdata-interaction-id=\"2cfdee6\" \n\t\t \n\t\t data-e-type=\"widget\" data-id=\"2cfdee6\"\n\t\t\t\t\t\t\t\t\tid=\"236\"\n\t\t\t\t\t\t\t\t\t\t\t\tsrc=\"https:\/\/promoter.rally-series.com\/wp-content\/uploads\/2025\/10\/Ponte-de-Lima-Large.jpeg\"\n\t\t\t\t\t\t\t\t\t\t\t\twidth=\"1280\"\n\t\t\t\t\t\t\t\t\t\t\t\theight=\"854\"\n\t\t\t\t\t\t\t\t\t\t\t\tsrcset=\"https:\/\/promoter.rally-series.com\/wp-content\/uploads\/2025\/10\/Ponte-de-Lima-Large.jpeg 1280w, https:\/\/promoter.rally-series.com\/wp-content\/uploads\/2025\/10\/Ponte-de-Lima-Large-300x200.jpeg 300w, https:\/\/promoter.rally-series.com\/wp-content\/uploads\/2025\/10\/Ponte-de-Lima-Large-1024x683.jpeg 1024w, https:\/\/promoter.rally-series.com\/wp-content\/uploads\/2025\/10\/Ponte-de-Lima-Large-768x512.jpeg 768w, https:\/\/promoter.rally-series.com\/wp-content\/uploads\/2025\/10\/Ponte-de-Lima-Large-18x12.jpeg 18w\"\n\t\t\t\t\t\t\t\t\t\t\t\talt=\"\"\n\t\t\t\t\t\t\/>\n\t\t\t\t\t<\/div>\n\t\t\t\t<\/div>","protected":false},"excerpt":{"rendered":"<p>\u201cThe Rally Series was a winning bet for Sever do Vouga, bringing fans, drivers, and the community closer together,\u201d was how M\u00e1rio Martins, president of Vouga Sport Clube, described Round #4.<\/p>","protected":false},"author":1,"featured_media":262,"comment_status":"open","ping_status":"open","sticky":false,"template":"elementor_header_footer","format":"standard","meta":{"iawp_total_views":1,"footnotes":""},"categories":[1],"tags":[],"class_list":["post-260","post","type-post","status-publish","format-standard","has-post-thumbnail","hentry","category-uncategorized"],"yoast_head":"<!-- This site is optimized with the Yoast SEO plugin v27.5 - https:\/\/yoast.com\/product\/yoast-seo-wordpress\/ -->\n<title>Um balan\u00e7o positivo em Sever do Vouga: Vouga Sport Clube destaca impacto da Ronda #4 - Promoter Rally Series<\/title>\n<meta name=\"description\" content=\"\u201cO Rally Series foi uma aposta ganha para Sever do Vouga, aproximando p\u00fablico, pilotos e a comunidade\u201d foi assim que M\u00e1rio Martins, presidente do Vouga Sport Clube descreveu a Ronda #4\" \/>\n<meta name=\"robots\" content=\"index, follow, max-snippet:-1, max-image-preview:large, max-video-preview:-1\" \/>\n<link rel=\"canonical\" href=\"https:\/\/promoter.rally-series.com\/en\/um-balanco-positivo-em-sever-do-vouga-vouga-sport-clube-destaca-impacto-da-ronda-4\/\" \/>\n<meta property=\"og:locale\" content=\"en_US\" \/>\n<meta property=\"og:type\" content=\"article\" \/>\n<meta property=\"og:title\" content=\"Um balan\u00e7o positivo em Sever do Vouga: Vouga Sport Clube destaca impacto da Ronda #4 - Promoter Rally Series\" \/>\n<meta property=\"og:description\" content=\"\u201cO Rally Series foi uma aposta ganha para Sever do Vouga, aproximando p\u00fablico, pilotos e a comunidade\u201d foi assim que M\u00e1rio Martins, presidente do Vouga Sport Clube descreveu a Ronda #4\" \/>\n<meta property=\"og:url\" content=\"https:\/\/promoter.rally-series.com\/en\/um-balanco-positivo-em-sever-do-vouga-vouga-sport-clube-destaca-impacto-da-ronda-4\/\" \/>\n<meta property=\"og:site_name\" content=\"Promoter Rally Series\" \/>\n<meta property=\"article:published_time\" content=\"2025-10-06T21:42:30+00:00\" \/>\n<meta property=\"article:modified_time\" content=\"2025-10-09T15:15:23+00:00\" \/>\n<meta property=\"og:image\" content=\"https:\/\/promoter.rally-series.com\/wp-content\/uploads\/2025\/10\/Sever-do-Vouga-Large-1.jpeg\" \/>\n\t<meta property=\"og:image:width\" content=\"1280\" \/>\n\t<meta property=\"og:image:height\" content=\"853\" \/>\n\t<meta property=\"og:image:type\" content=\"image\/jpeg\" \/>\n<meta name=\"author\" content=\"admin\" \/>\n<meta name=\"twitter:card\" content=\"summary_large_image\" \/>\n<meta name=\"twitter:label1\" content=\"Written by\" \/>\n\t<meta name=\"twitter:data1\" content=\"admin\" \/>\n\t<meta name=\"twitter:label2\" content=\"Est. reading time\" \/>\n\t<meta name=\"twitter:data2\" content=\"3 minutes\" \/>\n<script type=\"application\/ld+json\" class=\"yoast-schema-graph\">{\"@context\":\"https:\\\/\\\/schema.org\",\"@graph\":[{\"@type\":\"Article\",\"@id\":\"https:\\\/\\\/promoter.rally-series.com\\\/um-balanco-positivo-em-sever-do-vouga-vouga-sport-clube-destaca-impacto-da-ronda-4\\\/#article\",\"isPartOf\":{\"@id\":\"https:\\\/\\\/promoter.rally-series.com\\\/um-balanco-positivo-em-sever-do-vouga-vouga-sport-clube-destaca-impacto-da-ronda-4\\\/\"},\"author\":{\"name\":\"admin\",\"@id\":\"https:\\\/\\\/promoter.rally-series.com\\\/#\\\/schema\\\/person\\\/70974007523ec0c6c9936e26305b6a5b\"},\"headline\":\"Um balan\u00e7o positivo em Sever do Vouga: Vouga Sport Clube destaca impacto da Ronda #4\",\"datePublished\":\"2025-10-06T21:42:30+00:00\",\"dateModified\":\"2025-10-09T15:15:23+00:00\",\"mainEntityOfPage\":{\"@id\":\"https:\\\/\\\/promoter.rally-series.com\\\/um-balanco-positivo-em-sever-do-vouga-vouga-sport-clube-destaca-impacto-da-ronda-4\\\/\"},\"wordCount\":394,\"commentCount\":0,\"publisher\":{\"@id\":\"https:\\\/\\\/promoter.rally-series.com\\\/#organization\"},\"image\":{\"@id\":\"https:\\\/\\\/promoter.rally-series.com\\\/um-balanco-positivo-em-sever-do-vouga-vouga-sport-clube-destaca-impacto-da-ronda-4\\\/#primaryimage\"},\"thumbnailUrl\":\"https:\\\/\\\/promoter.rally-series.com\\\/wp-content\\\/uploads\\\/2025\\\/10\\\/Sever-do-Vouga-Large-1.jpeg\",\"inLanguage\":\"en-US\",\"potentialAction\":[{\"@type\":\"CommentAction\",\"name\":\"Comment\",\"target\":[\"https:\\\/\\\/promoter.rally-series.com\\\/um-balanco-positivo-em-sever-do-vouga-vouga-sport-clube-destaca-impacto-da-ronda-4\\\/#respond\"]}]},{\"@type\":\"WebPage\",\"@id\":\"https:\\\/\\\/promoter.rally-series.com\\\/um-balanco-positivo-em-sever-do-vouga-vouga-sport-clube-destaca-impacto-da-ronda-4\\\/\",\"url\":\"https:\\\/\\\/promoter.rally-series.com\\\/um-balanco-positivo-em-sever-do-vouga-vouga-sport-clube-destaca-impacto-da-ronda-4\\\/\",\"name\":\"Um balan\u00e7o positivo em Sever do Vouga: Vouga Sport Clube destaca impacto da Ronda #4 - Promoter Rally Series\",\"isPartOf\":{\"@id\":\"https:\\\/\\\/promoter.rally-series.com\\\/#website\"},\"primaryImageOfPage\":{\"@id\":\"https:\\\/\\\/promoter.rally-series.com\\\/um-balanco-positivo-em-sever-do-vouga-vouga-sport-clube-destaca-impacto-da-ronda-4\\\/#primaryimage\"},\"image\":{\"@id\":\"https:\\\/\\\/promoter.rally-series.com\\\/um-balanco-positivo-em-sever-do-vouga-vouga-sport-clube-destaca-impacto-da-ronda-4\\\/#primaryimage\"},\"thumbnailUrl\":\"https:\\\/\\\/promoter.rally-series.com\\\/wp-content\\\/uploads\\\/2025\\\/10\\\/Sever-do-Vouga-Large-1.jpeg\",\"datePublished\":\"2025-10-06T21:42:30+00:00\",\"dateModified\":\"2025-10-09T15:15:23+00:00\",\"description\":\"\u201cO Rally Series foi uma aposta ganha para Sever do Vouga, aproximando p\u00fablico, pilotos e a comunidade\u201d foi assim que M\u00e1rio Martins, presidente do Vouga Sport Clube descreveu a Ronda #4\",\"breadcrumb\":{\"@id\":\"https:\\\/\\\/promoter.rally-series.com\\\/um-balanco-positivo-em-sever-do-vouga-vouga-sport-clube-destaca-impacto-da-ronda-4\\\/#breadcrumb\"},\"inLanguage\":\"en-US\",\"potentialAction\":[{\"@type\":\"ReadAction\",\"target\":[\"https:\\\/\\\/promoter.rally-series.com\\\/um-balanco-positivo-em-sever-do-vouga-vouga-sport-clube-destaca-impacto-da-ronda-4\\\/\"]}]},{\"@type\":\"ImageObject\",\"inLanguage\":\"en-US\",\"@id\":\"https:\\\/\\\/promoter.rally-series.com\\\/um-balanco-positivo-em-sever-do-vouga-vouga-sport-clube-destaca-impacto-da-ronda-4\\\/#primaryimage\",\"url\":\"https:\\\/\\\/promoter.rally-series.com\\\/wp-content\\\/uploads\\\/2025\\\/10\\\/Sever-do-Vouga-Large-1.jpeg\",\"contentUrl\":\"https:\\\/\\\/promoter.rally-series.com\\\/wp-content\\\/uploads\\\/2025\\\/10\\\/Sever-do-Vouga-Large-1.jpeg\",\"width\":1280,\"height\":853},{\"@type\":\"BreadcrumbList\",\"@id\":\"https:\\\/\\\/promoter.rally-series.com\\\/um-balanco-positivo-em-sever-do-vouga-vouga-sport-clube-destaca-impacto-da-ronda-4\\\/#breadcrumb\",\"itemListElement\":[{\"@type\":\"ListItem\",\"position\":1,\"name\":\"Home\",\"item\":\"https:\\\/\\\/promoter.rally-series.com\\\/\"},{\"@type\":\"ListItem\",\"position\":2,\"name\":\"Um balan\u00e7o positivo em Sever do Vouga: Vouga Sport Clube destaca impacto da Ronda #4\"}]},{\"@type\":\"WebSite\",\"@id\":\"https:\\\/\\\/promoter.rally-series.com\\\/#website\",\"url\":\"https:\\\/\\\/promoter.rally-series.com\\\/\",\"name\":\"Promoter Rally Series\",\"description\":\"Uniting Fans, Drivers, and Roads\",\"publisher\":{\"@id\":\"https:\\\/\\\/promoter.rally-series.com\\\/#organization\"},\"potentialAction\":[{\"@type\":\"SearchAction\",\"target\":{\"@type\":\"EntryPoint\",\"urlTemplate\":\"https:\\\/\\\/promoter.rally-series.com\\\/?s={search_term_string}\"},\"query-input\":{\"@type\":\"PropertyValueSpecification\",\"valueRequired\":true,\"valueName\":\"search_term_string\"}}],\"inLanguage\":\"en-US\"},{\"@type\":\"Organization\",\"@id\":\"https:\\\/\\\/promoter.rally-series.com\\\/#organization\",\"name\":\"Promoter Rally Series\",\"url\":\"https:\\\/\\\/promoter.rally-series.com\\\/\",\"logo\":{\"@type\":\"ImageObject\",\"inLanguage\":\"en-US\",\"@id\":\"https:\\\/\\\/promoter.rally-series.com\\\/#\\\/schema\\\/logo\\\/image\\\/\",\"url\":\"https:\\\/\\\/promoter.rally-series.com\\\/wp-content\\\/uploads\\\/2025\\\/10\\\/Logo-Promoter1.png\",\"contentUrl\":\"https:\\\/\\\/promoter.rally-series.com\\\/wp-content\\\/uploads\\\/2025\\\/10\\\/Logo-Promoter1.png\",\"width\":942,\"height\":1204,\"caption\":\"Promoter Rally Series\"},\"image\":{\"@id\":\"https:\\\/\\\/promoter.rally-series.com\\\/#\\\/schema\\\/logo\\\/image\\\/\"}},{\"@type\":\"Person\",\"@id\":\"https:\\\/\\\/promoter.rally-series.com\\\/#\\\/schema\\\/person\\\/70974007523ec0c6c9936e26305b6a5b\",\"name\":\"admin\",\"image\":{\"@type\":\"ImageObject\",\"inLanguage\":\"en-US\",\"@id\":\"https:\\\/\\\/secure.gravatar.com\\\/avatar\\\/f33e2e0058df10eb23e9148d4c54000bfff6b16bede661928707b9564ff82293?s=96&d=mm&r=g\",\"url\":\"https:\\\/\\\/secure.gravatar.com\\\/avatar\\\/f33e2e0058df10eb23e9148d4c54000bfff6b16bede661928707b9564ff82293?s=96&d=mm&r=g\",\"contentUrl\":\"https:\\\/\\\/secure.gravatar.com\\\/avatar\\\/f33e2e0058df10eb23e9148d4c54000bfff6b16bede661928707b9564ff82293?s=96&d=mm&r=g\",\"caption\":\"admin\"},\"sameAs\":[\"https:\\\/\\\/promoter.rally-series.com\"],\"url\":\"https:\\\/\\\/promoter.rally-series.com\\\/en\\\/author\\\/rallyseries\\\/\"}]}<\/script>\n<!-- \/ Yoast SEO plugin. -->","yoast_head_json":{"title":"Um balan\u00e7o positivo em Sever do Vouga: Vouga Sport Clube destaca impacto da Ronda #4 - Promoter Rally Series","description":"\u201cThe Rally Series was a winning bet for Sever do Vouga, bringing fans, drivers, and the community closer together,\u201d was how M\u00e1rio Martins, president of Vouga Sport Clube, described Round #4.","robots":{"index":"index","follow":"follow","max-snippet":"max-snippet:-1","max-image-preview":"max-image-preview:large","max-video-preview":"max-video-preview:-1"},"canonical":"https:\/\/promoter.rally-series.com\/en\/um-balanco-positivo-em-sever-do-vouga-vouga-sport-clube-destaca-impacto-da-ronda-4\/","og_locale":"en_US","og_type":"article","og_title":"Um balan\u00e7o positivo em Sever do Vouga: Vouga Sport Clube destaca impacto da Ronda #4 - Promoter Rally Series","og_description":"\u201cO Rally Series foi uma aposta ganha para Sever do Vouga, aproximando p\u00fablico, pilotos e a comunidade\u201d foi assim que M\u00e1rio Martins, presidente do Vouga Sport Clube descreveu a Ronda #4","og_url":"https:\/\/promoter.rally-series.com\/en\/um-balanco-positivo-em-sever-do-vouga-vouga-sport-clube-destaca-impacto-da-ronda-4\/","og_site_name":"Promoter Rally Series","article_published_time":"2025-10-06T21:42:30+00:00","article_modified_time":"2025-10-09T15:15:23+00:00","og_image":[{"width":1280,"height":853,"url":"https:\/\/promoter.rally-series.com\/wp-content\/uploads\/2025\/10\/Sever-do-Vouga-Large-1.jpeg","type":"image\/jpeg"}],"author":"admin","twitter_card":"summary_large_image","twitter_misc":{"Written by":"admin","Est. reading time":"3 minutes"},"schema":{"@context":"https:\/\/schema.org","@graph":[{"@type":"Article","@id":"https:\/\/promoter.rally-series.com\/um-balanco-positivo-em-sever-do-vouga-vouga-sport-clube-destaca-impacto-da-ronda-4\/#article","isPartOf":{"@id":"https:\/\/promoter.rally-series.com\/um-balanco-positivo-em-sever-do-vouga-vouga-sport-clube-destaca-impacto-da-ronda-4\/"},"author":{"name":"admin","@id":"https:\/\/promoter.rally-series.com\/#\/schema\/person\/70974007523ec0c6c9936e26305b6a5b"},"headline":"Um balan\u00e7o positivo em Sever do Vouga: Vouga Sport Clube destaca impacto da Ronda #4","datePublished":"2025-10-06T21:42:30+00:00","dateModified":"2025-10-09T15:15:23+00:00","mainEntityOfPage":{"@id":"https:\/\/promoter.rally-series.com\/um-balanco-positivo-em-sever-do-vouga-vouga-sport-clube-destaca-impacto-da-ronda-4\/"},"wordCount":394,"commentCount":0,"publisher":{"@id":"https:\/\/promoter.rally-series.com\/#organization"},"image":{"@id":"https:\/\/promoter.rally-series.com\/um-balanco-positivo-em-sever-do-vouga-vouga-sport-clube-destaca-impacto-da-ronda-4\/#primaryimage"},"thumbnailUrl":"https:\/\/promoter.rally-series.com\/wp-content\/uploads\/2025\/10\/Sever-do-Vouga-Large-1.jpeg","inLanguage":"en-US","potentialAction":[{"@type":"CommentAction","name":"Comment","target":["https:\/\/promoter.rally-series.com\/um-balanco-positivo-em-sever-do-vouga-vouga-sport-clube-destaca-impacto-da-ronda-4\/#respond"]}]},{"@type":"WebPage","@id":"https:\/\/promoter.rally-series.com\/um-balanco-positivo-em-sever-do-vouga-vouga-sport-clube-destaca-impacto-da-ronda-4\/","url":"https:\/\/promoter.rally-series.com\/um-balanco-positivo-em-sever-do-vouga-vouga-sport-clube-destaca-impacto-da-ronda-4\/","name":"Um balan\u00e7o positivo em Sever do Vouga: Vouga Sport Clube destaca impacto da Ronda #4 - Promoter Rally Series","isPartOf":{"@id":"https:\/\/promoter.rally-series.com\/#website"},"primaryImageOfPage":{"@id":"https:\/\/promoter.rally-series.com\/um-balanco-positivo-em-sever-do-vouga-vouga-sport-clube-destaca-impacto-da-ronda-4\/#primaryimage"},"image":{"@id":"https:\/\/promoter.rally-series.com\/um-balanco-positivo-em-sever-do-vouga-vouga-sport-clube-destaca-impacto-da-ronda-4\/#primaryimage"},"thumbnailUrl":"https:\/\/promoter.rally-series.com\/wp-content\/uploads\/2025\/10\/Sever-do-Vouga-Large-1.jpeg","datePublished":"2025-10-06T21:42:30+00:00","dateModified":"2025-10-09T15:15:23+00:00","description":"\u201cThe Rally Series was a winning bet for Sever do Vouga, bringing fans, drivers, and the community closer together,\u201d was how M\u00e1rio Martins, president of Vouga Sport Clube, described Round #4.","breadcrumb":{"@id":"https:\/\/promoter.rally-series.com\/um-balanco-positivo-em-sever-do-vouga-vouga-sport-clube-destaca-impacto-da-ronda-4\/#breadcrumb"},"inLanguage":"en-US","potentialAction":[{"@type":"ReadAction","target":["https:\/\/promoter.rally-series.com\/um-balanco-positivo-em-sever-do-vouga-vouga-sport-clube-destaca-impacto-da-ronda-4\/"]}]},{"@type":"ImageObject","inLanguage":"en-US","@id":"https:\/\/promoter.rally-series.com\/um-balanco-positivo-em-sever-do-vouga-vouga-sport-clube-destaca-impacto-da-ronda-4\/#primaryimage","url":"https:\/\/promoter.rally-series.com\/wp-content\/uploads\/2025\/10\/Sever-do-Vouga-Large-1.jpeg","contentUrl":"https:\/\/promoter.rally-series.com\/wp-content\/uploads\/2025\/10\/Sever-do-Vouga-Large-1.jpeg","width":1280,"height":853},{"@type":"BreadcrumbList","@id":"https:\/\/promoter.rally-series.com\/um-balanco-positivo-em-sever-do-vouga-vouga-sport-clube-destaca-impacto-da-ronda-4\/#breadcrumb","itemListElement":[{"@type":"ListItem","position":1,"name":"Home","item":"https:\/\/promoter.rally-series.com\/"},{"@type":"ListItem","position":2,"name":"Um balan\u00e7o positivo em Sever do Vouga: Vouga Sport Clube destaca impacto da Ronda #4"}]},{"@type":"WebSite","@id":"https:\/\/promoter.rally-series.com\/#website","url":"https:\/\/promoter.rally-series.com\/","name":"Promoter Rally Series","description":"Uniting Fans, Drivers, and Roads","publisher":{"@id":"https:\/\/promoter.rally-series.com\/#organization"},"potentialAction":[{"@type":"SearchAction","target":{"@type":"EntryPoint","urlTemplate":"https:\/\/promoter.rally-series.com\/?s={search_term_string}"},"query-input":{"@type":"PropertyValueSpecification","valueRequired":true,"valueName":"search_term_string"}}],"inLanguage":"en-US"},{"@type":"Organization","@id":"https:\/\/promoter.rally-series.com\/#organization","name":"Promoter Rally Series","url":"https:\/\/promoter.rally-series.com\/","logo":{"@type":"ImageObject","inLanguage":"en-US","@id":"https:\/\/promoter.rally-series.com\/#\/schema\/logo\/image\/","url":"https:\/\/promoter.rally-series.com\/wp-content\/uploads\/2025\/10\/Logo-Promoter1.png","contentUrl":"https:\/\/promoter.rally-series.com\/wp-content\/uploads\/2025\/10\/Logo-Promoter1.png","width":942,"height":1204,"caption":"Promoter Rally Series"},"image":{"@id":"https:\/\/promoter.rally-series.com\/#\/schema\/logo\/image\/"}},{"@type":"Person","@id":"https:\/\/promoter.rally-series.com\/#\/schema\/person\/70974007523ec0c6c9936e26305b6a5b","name":"admin","image":{"@type":"ImageObject","inLanguage":"en-US","@id":"https:\/\/secure.gravatar.com\/avatar\/f33e2e0058df10eb23e9148d4c54000bfff6b16bede661928707b9564ff82293?s=96&d=mm&r=g","url":"https:\/\/secure.gravatar.com\/avatar\/f33e2e0058df10eb23e9148d4c54000bfff6b16bede661928707b9564ff82293?s=96&d=mm&r=g","contentUrl":"https:\/\/secure.gravatar.com\/avatar\/f33e2e0058df10eb23e9148d4c54000bfff6b16bede661928707b9564ff82293?s=96&d=mm&r=g","caption":"admin"},"sameAs":["https:\/\/promoter.rally-series.com"],"url":"https:\/\/promoter.rally-series.com\/en\/author\/rallyseries\/"}]}},"_links":{"self":[{"href":"https:\/\/promoter.rally-series.com\/en\/wp-json\/wp\/v2\/posts\/260","targetHints":{"allow":["GET"]}}],"collection":[{"href":"https:\/\/promoter.rally-series.com\/en\/wp-json\/wp\/v2\/posts"}],"about":[{"href":"https:\/\/promoter.rally-series.com\/en\/wp-json\/wp\/v2\/types\/post"}],"author":[{"embeddable":true,"href":"https:\/\/promoter.rally-series.com\/en\/wp-json\/wp\/v2\/users\/1"}],"replies":[{"embeddable":true,"href":"https:\/\/promoter.rally-series.com\/en\/wp-json\/wp\/v2\/comments?post=260"}],"version-history":[{"count":8,"href":"https:\/\/promoter.rally-series.com\/en\/wp-json\/wp\/v2\/posts\/260\/revisions"}],"predecessor-version":[{"id":292,"href":"https:\/\/promoter.rally-series.com\/en\/wp-json\/wp\/v2\/posts\/260\/revisions\/292"}],"wp:featuredmedia":[{"embeddable":true,"href":"https:\/\/promoter.rally-series.com\/en\/wp-json\/wp\/v2\/media\/262"}],"wp:attachment":[{"href":"https:\/\/promoter.rally-series.com\/en\/wp-json\/wp\/v2\/media?parent=260"}],"wp:term":[{"taxonomy":"category","embeddable":true,"href":"https:\/\/promoter.rally-series.com\/en\/wp-json\/wp\/v2\/categories?post=260"},{"taxonomy":"post_tag","embeddable":true,"href":"https:\/\/promoter.rally-series.com\/en\/wp-json\/wp\/v2\/tags?post=260"}],"curies":[{"name":"wp","href":"https:\/\/api.w.org\/{rel}","templated":true}]}}