{"id":38,"date":"2025-10-08T15:00:45","date_gmt":"2025-10-08T15:00:45","guid":{"rendered":"https:\/\/promoter.rally-series.com\/rallye-vidreiro-apresentado-oficialmente-na-marinha-grande\/"},"modified":"2025-10-09T14:48:04","modified_gmt":"2025-10-09T14:48:04","slug":"rallye-vidreiro-apresentado-oficialmente-na-marinha-grande","status":"publish","type":"post","link":"https:\/\/promoter.rally-series.com\/en\/rallye-vidreiro-apresentado-oficialmente-na-marinha-grande\/","title":{"rendered":"Rallye Vidreiro officially presented in Marinha Grande"},"content":{"rendered":"<div data-elementor-type=\"wp-post\" data-elementor-id=\"38\" class=\"elementor elementor-38\" data-elementor-post-type=\"post\">\n\t\t\t\t<div class=\"elementor-element elementor-element-6e116d97 e-con-full e-flex e-con e-parent\" data-id=\"6e116d97\" data-element_type=\"container\" data-e-type=\"container\" data-settings=\"{&quot;background_background&quot;:&quot;classic&quot;}\">\n\t\t\t\t<div class=\"elementor-element elementor-element-fc10c35 elementor-widget__width-initial elementor-widget elementor-widget-image\" data-id=\"fc10c35\" data-element_type=\"widget\" data-e-type=\"widget\" data-widget_type=\"image.default\">\n\t\t\t\t\t\t\t\t\t\t\t\t\t\t\t<img fetchpriority=\"high\" decoding=\"async\" width=\"800\" height=\"533\" src=\"https:\/\/promoter.rally-series.com\/wp-content\/uploads\/2025\/10\/IMG_1220-Large-1024x682.jpeg\" class=\"attachment-large size-large wp-image-41\" alt=\"\" srcset=\"https:\/\/promoter.rally-series.com\/wp-content\/uploads\/2025\/10\/IMG_1220-Large-1024x682.jpeg 1024w, https:\/\/promoter.rally-series.com\/wp-content\/uploads\/2025\/10\/IMG_1220-Large-300x200.jpeg 300w, https:\/\/promoter.rally-series.com\/wp-content\/uploads\/2025\/10\/IMG_1220-Large-768x512.jpeg 768w, https:\/\/promoter.rally-series.com\/wp-content\/uploads\/2025\/10\/IMG_1220-Large-18x12.jpeg 18w, https:\/\/promoter.rally-series.com\/wp-content\/uploads\/2025\/10\/IMG_1220-Large.jpeg 1280w\" sizes=\"(max-width: 800px) 100vw, 800px\" \/>\t\t\t\t\t\t\t\t\t\t\t\t\t\t\t<\/div>\n\t\t\t\t<div class=\"elementor-element elementor-element-f3e1a3a elementor-widget elementor-widget-heading\" data-id=\"f3e1a3a\" data-element_type=\"widget\" data-e-type=\"widget\" data-widget_type=\"heading.default\">\n\t\t\t\t\t<h2 class=\"elementor-heading-title elementor-size-default\">Rallye Vidreiro officially presented in Marinha Grande<\/h2>\t\t\t\t<\/div>\n\t\t\t\t<div class=\"elementor-element elementor-element-5edc0ac0 elementor-widget elementor-widget-heading\" data-id=\"5edc0ac0\" data-element_type=\"widget\" data-e-type=\"widget\" data-widget_type=\"heading.default\">\n\t\t\t\t\t<h2 class=\"elementor-heading-title elementor-size-default\">The municipalities of Alcoba\u00e7a, Marinha Grande, and Pombal join forces around the rally. Expocentro in Pombal will host the Service Park and the Final Podium. The Start Ceremony will take place in Alcoba\u00e7a, next to the Monastery.<\/h2>\t\t\t\t<\/div>\n\t\t\t\t<div class=\"elementor-element elementor-element-724f0ae3 elementor-widget elementor-widget-text-editor\" data-id=\"724f0ae3\" data-element_type=\"widget\" data-e-type=\"widget\" data-widget_type=\"text-editor.default\">\n\t\t\t\t\t\t\t\t\t<p class=\"p1\">The 2025 edition of Rallye Vidreiro Centro de Portugal was officially presented. The ceremony took place at the emblematic Resinagem Building in Marinha Grande, where the Autom\u00f3vel Club of Marinha Grande announced all the details of the event that once again closes the Campeonato de Portugal de Ralis.\n\nThe major highlight of this edition is the creation of the Rallye Vidreiro Arena, in partnership with the Rally Series Promoter, which will transform Expocentro in Pombal into a unique stage for rally excitement, bringing the public even closer to the competition.<\/p>\t\t\t\t\t\t\t\t<\/div>\n\t\t\t\t\t\t\t\t<p class=\"e-41ccd1c9-827c440 e-paragraph-base\" data-interaction-id=\"41ccd1c9\"  data-e-type=\"widget\" data-id=\"41ccd1c9\">\n\t\t\t\t\t\t\t\tAuthorship \u2013 Rallye Vidreiro Centro de Portugal\n\t\t\t\t\t<\/p>\n\t\t\t\t<div class=\"elementor-element elementor-element-7fbdb2b2 elementor-widget elementor-widget-text-editor\" data-id=\"7fbdb2b2\" data-element_type=\"widget\" data-e-type=\"widget\" data-widget_type=\"text-editor.default\">\n\t\t\t\t\t\t\t\t\t<p class=\"p1\">Rallye Vidreiro Centro de Portugal kicks off on Friday, October 17, with the Shakedown at 08:00 on a 3.13 km stage. At 15:30, next to the imposing Monastery of Alcoba\u00e7a, the Start Ceremony will officially mark the beginning of the event.\n\nThe action then moves to the first special stage in Alfeizer\u00e3o (16:00, 12.28 km), followed by the always demanding S\u00e3o Pedro de Moel stage (17:10, 14.13 km) and, later at night, the Pombal Super Special (21:00, 1.50 km), which promises to fill the streets with spectacle and excitement.\n\nOn Saturday, October 18, all the decisive moments will unfold during an intense day of competition. The morning opens again in S\u00e3o Pedro de Moel (11:00, 14.13 km), continues in Pombal (12:15, 14.80 km) and Mata Mourisca (13:00, 16.47 km), before the debut of the highly anticipated Arena Expocentro Super Special (13:30, 1.50 km).\n\nIn the afternoon, the Pombal (15:15, 14.80 km) and Mata Mourisca (16:00, 16.47 km) stages will be repeated, with everything culminating in the Final Show at Arena Expocentro, scheduled for 16:30.<\/p><p class=\"p1\"><strong>For the president of the Autom\u00f3vel Club of Marinha Grande, Ferdinando Barros:<\/strong><\/p><p class=\"p1\">\u00a0<em>\u201cIt\u2019s a great pride to present another edition of Rallye Vidreiro Centro de Portugal, which is already one of the highlights of the Campeonato de Portugal de Ralis. In 2025, we\u2019re taking a step forward with the creation of the Arena, in partnership with the Rally Series Promoter, offering the public a completely new experience. It will be a weekend full of emotions, with all the safety and passion that define this event and our region.\u201d<\/em><\/p><p class=\"p1\"><strong>The Mayor of Marinha Grande, Aur\u00e9lio Ferreira, highlighted:<\/strong><\/p><p><em>\u201cthe pride in having managed to consolidate Rallye Vidreiro Centro de Portugal at this level, thanks to a solid partnership with Alcoba\u00e7a and Pombal. It\u2019s a privilege to once again host the National Championship\u2019s decisive round, something that greatly honors our region. I want to thank all institutional partners, the security forces, and especially the Autom\u00f3vel Club of Marinha Grande for the professionalism with which they organize this event. The challenge I leave is that we continue with this three-municipality model, which has proven so positive for the entire region.\u201d<\/em><\/p>\t\t\t\t\t\t\t\t<\/div>\n\t\t\t\t\t\t\t\t<p class=\"e-4e58e86a-801f802 e-paragraph-base\" data-interaction-id=\"4e58e86a\"  data-e-type=\"widget\" data-id=\"4e58e86a\">\n\t\t\t\t\t\t\t\tAuthorship \u2013 Rallye Vidreiro Centro de Portugal\n\t\t\t\t\t<\/p>\n\t\t\t\t<div class=\"elementor-element elementor-element-73594914 elementor-widget elementor-widget-text-editor\" data-id=\"73594914\" data-element_type=\"widget\" data-e-type=\"widget\" data-widget_type=\"text-editor.default\">\n\t\t\t\t\t\t\t\t\t<p class=\"p1\"><strong>Meanwhile,<\/strong> <strong>the Mayor of Alcoba\u00e7a, Herm\u00ednio Rodrigues, emphasized that:<br \/><br \/><\/strong><em>\u00a0\u201cRallye Vidreiro will always be the rally of Marinha Grande, but it\u2019s with great satisfaction that we\u2019ve managed to extend its reach to the neighboring territories of Alcoba\u00e7a and Pombal. This is an event that brings joy to people \u2014 we see crowds cheering for the rally, and that\u2019s priceless. From the start, we knew this was a path toward the development of the Leiria district, and I\u2019m certain it\u2019s just the first of many projects we can develop together.\u201d<\/em><\/p><p class=\"p1\"><strong>The Mayor of Pombal, Pedro Pimp\u00e3o, reinforced:<br \/><br \/><\/strong> <em>\u201cthe importance of the spirit of cooperation between the three municipalities, which have been led for four years by mayors who\u2019ve built a relationship of trust and friendship among themselves. This is a rally built on competence, professionalism, and above all, people. We support it because we know the impact it has on the lives of our citizens \u2014 motorsport inspires passion, gathers crowds, and promotes the region. I also want to praise the work of the security forces and reaffirm our commitment to continue supporting this event, which means so much to our region.\u201d<\/em><\/p><p class=\"p1\">As in previous years, Rallye Vidreiro Centro de Portugal 2025 will host the decisive round of the Campeonato de Portugal de Ralis. This year, three major contenders will fight for the national title: Spain\u2019s Dani Sordo, Britain\u2019s Kris Meeke, and Portugal\u2019s Armindo Ara\u00fajo. The battle promises to be intense until the very last kilometer, reinforcing Rallye Vidreiro\u2019s status as the most anticipated event on the calendar.<\/p><p class=\"p5\"><b>Press Release \u2013 Rallye Vidreiro Centro de Portugal<\/b><\/p>\t\t\t\t\t\t\t\t<\/div>\n\t\t\t\t<\/div>\n\t\t\t\t<\/div>","protected":false},"excerpt":{"rendered":"<p>The municipalities of Alcoba\u00e7a, Marinha Grande, and Pombal join forces around the rally. Expocentro in Pombal will host the Service Park and the Final Podium. The Start Ceremony will take place in Alcoba\u00e7a, next to the Monastery.<\/p>","protected":false},"author":1,"featured_media":41,"comment_status":"open","ping_status":"open","sticky":false,"template":"elementor_header_footer","format":"standard","meta":{"iawp_total_views":5,"footnotes":""},"categories":[1],"tags":[],"class_list":["post-38","post","type-post","status-publish","format-standard","has-post-thumbnail","hentry","category-uncategorized"],"yoast_head":"<!-- This site is optimized with the Yoast SEO plugin v27.5 - https:\/\/yoast.com\/product\/yoast-seo-wordpress\/ -->\n<title>Rallye Vidreiro apresentado oficialmente na Marinha Grande - Promoter Rally Series<\/title>\n<meta name=\"description\" content=\"Munic\u00edpios de Alcoba\u00e7a, Marinha Grande e Pombal unidos em torno do rali. Expocentro, em Pombal, acolhe o Parque de Assist\u00eancia e o P\u00f3dio Final. Cerim\u00f3nia de Partida ser\u00e1 em Alcoba\u00e7a junto ao Mosteiro\" \/>\n<meta name=\"robots\" content=\"index, follow, max-snippet:-1, max-image-preview:large, max-video-preview:-1\" \/>\n<link rel=\"canonical\" href=\"https:\/\/promoter.rally-series.com\/en\/rallye-vidreiro-apresentado-oficialmente-na-marinha-grande\/\" \/>\n<meta property=\"og:locale\" content=\"en_US\" \/>\n<meta property=\"og:type\" content=\"article\" \/>\n<meta property=\"og:title\" content=\"Rallye Vidreiro apresentado oficialmente na Marinha Grande - Promoter Rally Series\" \/>\n<meta property=\"og:description\" content=\"Munic\u00edpios de Alcoba\u00e7a, Marinha Grande e Pombal unidos em torno do rali. Expocentro, em Pombal, acolhe o Parque de Assist\u00eancia e o P\u00f3dio Final. Cerim\u00f3nia de Partida ser\u00e1 em Alcoba\u00e7a junto ao Mosteiro\" \/>\n<meta property=\"og:url\" content=\"https:\/\/promoter.rally-series.com\/en\/rallye-vidreiro-apresentado-oficialmente-na-marinha-grande\/\" \/>\n<meta property=\"og:site_name\" content=\"Promoter Rally Series\" \/>\n<meta property=\"article:published_time\" content=\"2025-10-08T15:00:45+00:00\" \/>\n<meta property=\"article:modified_time\" content=\"2025-10-09T14:48:04+00:00\" \/>\n<meta property=\"og:image\" content=\"https:\/\/promoter.rally-series.com\/wp-content\/uploads\/2025\/10\/IMG_1220-Large.jpeg\" \/>\n\t<meta property=\"og:image:width\" content=\"1280\" \/>\n\t<meta property=\"og:image:height\" content=\"853\" \/>\n\t<meta property=\"og:image:type\" content=\"image\/jpeg\" \/>\n<meta name=\"author\" content=\"admin\" \/>\n<meta name=\"twitter:card\" content=\"summary_large_image\" \/>\n<meta name=\"twitter:label1\" content=\"Written by\" \/>\n\t<meta name=\"twitter:data1\" content=\"admin\" \/>\n\t<meta name=\"twitter:label2\" content=\"Est. reading time\" \/>\n\t<meta name=\"twitter:data2\" content=\"5 minutes\" \/>\n<script type=\"application\/ld+json\" class=\"yoast-schema-graph\">{\"@context\":\"https:\\\/\\\/schema.org\",\"@graph\":[{\"@type\":\"Article\",\"@id\":\"https:\\\/\\\/promoter.rally-series.com\\\/rallye-vidreiro-apresentado-oficialmente-na-marinha-grande\\\/#article\",\"isPartOf\":{\"@id\":\"https:\\\/\\\/promoter.rally-series.com\\\/rallye-vidreiro-apresentado-oficialmente-na-marinha-grande\\\/\"},\"author\":{\"name\":\"admin\",\"@id\":\"https:\\\/\\\/promoter.rally-series.com\\\/#\\\/schema\\\/person\\\/70974007523ec0c6c9936e26305b6a5b\"},\"headline\":\"Rallye Vidreiro apresentado oficialmente na Marinha Grande\",\"datePublished\":\"2025-10-08T15:00:45+00:00\",\"dateModified\":\"2025-10-09T14:48:04+00:00\",\"mainEntityOfPage\":{\"@id\":\"https:\\\/\\\/promoter.rally-series.com\\\/rallye-vidreiro-apresentado-oficialmente-na-marinha-grande\\\/\"},\"wordCount\":783,\"commentCount\":0,\"publisher\":{\"@id\":\"https:\\\/\\\/promoter.rally-series.com\\\/#organization\"},\"image\":{\"@id\":\"https:\\\/\\\/promoter.rally-series.com\\\/rallye-vidreiro-apresentado-oficialmente-na-marinha-grande\\\/#primaryimage\"},\"thumbnailUrl\":\"https:\\\/\\\/promoter.rally-series.com\\\/wp-content\\\/uploads\\\/2025\\\/10\\\/IMG_1220-Large.jpeg\",\"inLanguage\":\"en-US\",\"potentialAction\":[{\"@type\":\"CommentAction\",\"name\":\"Comment\",\"target\":[\"https:\\\/\\\/promoter.rally-series.com\\\/rallye-vidreiro-apresentado-oficialmente-na-marinha-grande\\\/#respond\"]}]},{\"@type\":\"WebPage\",\"@id\":\"https:\\\/\\\/promoter.rally-series.com\\\/rallye-vidreiro-apresentado-oficialmente-na-marinha-grande\\\/\",\"url\":\"https:\\\/\\\/promoter.rally-series.com\\\/rallye-vidreiro-apresentado-oficialmente-na-marinha-grande\\\/\",\"name\":\"Rallye Vidreiro apresentado oficialmente na Marinha Grande - Promoter Rally Series\",\"isPartOf\":{\"@id\":\"https:\\\/\\\/promoter.rally-series.com\\\/#website\"},\"primaryImageOfPage\":{\"@id\":\"https:\\\/\\\/promoter.rally-series.com\\\/rallye-vidreiro-apresentado-oficialmente-na-marinha-grande\\\/#primaryimage\"},\"image\":{\"@id\":\"https:\\\/\\\/promoter.rally-series.com\\\/rallye-vidreiro-apresentado-oficialmente-na-marinha-grande\\\/#primaryimage\"},\"thumbnailUrl\":\"https:\\\/\\\/promoter.rally-series.com\\\/wp-content\\\/uploads\\\/2025\\\/10\\\/IMG_1220-Large.jpeg\",\"datePublished\":\"2025-10-08T15:00:45+00:00\",\"dateModified\":\"2025-10-09T14:48:04+00:00\",\"description\":\"Munic\u00edpios de Alcoba\u00e7a, Marinha Grande e Pombal unidos em torno do rali. Expocentro, em Pombal, acolhe o Parque de Assist\u00eancia e o P\u00f3dio Final. Cerim\u00f3nia de Partida ser\u00e1 em Alcoba\u00e7a junto ao Mosteiro\",\"breadcrumb\":{\"@id\":\"https:\\\/\\\/promoter.rally-series.com\\\/rallye-vidreiro-apresentado-oficialmente-na-marinha-grande\\\/#breadcrumb\"},\"inLanguage\":\"en-US\",\"potentialAction\":[{\"@type\":\"ReadAction\",\"target\":[\"https:\\\/\\\/promoter.rally-series.com\\\/rallye-vidreiro-apresentado-oficialmente-na-marinha-grande\\\/\"]}]},{\"@type\":\"ImageObject\",\"inLanguage\":\"en-US\",\"@id\":\"https:\\\/\\\/promoter.rally-series.com\\\/rallye-vidreiro-apresentado-oficialmente-na-marinha-grande\\\/#primaryimage\",\"url\":\"https:\\\/\\\/promoter.rally-series.com\\\/wp-content\\\/uploads\\\/2025\\\/10\\\/IMG_1220-Large.jpeg\",\"contentUrl\":\"https:\\\/\\\/promoter.rally-series.com\\\/wp-content\\\/uploads\\\/2025\\\/10\\\/IMG_1220-Large.jpeg\",\"width\":1280,\"height\":853},{\"@type\":\"BreadcrumbList\",\"@id\":\"https:\\\/\\\/promoter.rally-series.com\\\/rallye-vidreiro-apresentado-oficialmente-na-marinha-grande\\\/#breadcrumb\",\"itemListElement\":[{\"@type\":\"ListItem\",\"position\":1,\"name\":\"Home\",\"item\":\"https:\\\/\\\/promoter.rally-series.com\\\/\"},{\"@type\":\"ListItem\",\"position\":2,\"name\":\"Rallye Vidreiro apresentado oficialmente na Marinha Grande\"}]},{\"@type\":\"WebSite\",\"@id\":\"https:\\\/\\\/promoter.rally-series.com\\\/#website\",\"url\":\"https:\\\/\\\/promoter.rally-series.com\\\/\",\"name\":\"Promoter Rally Series\",\"description\":\"Uniting Fans, Drivers, and Roads\",\"publisher\":{\"@id\":\"https:\\\/\\\/promoter.rally-series.com\\\/#organization\"},\"potentialAction\":[{\"@type\":\"SearchAction\",\"target\":{\"@type\":\"EntryPoint\",\"urlTemplate\":\"https:\\\/\\\/promoter.rally-series.com\\\/?s={search_term_string}\"},\"query-input\":{\"@type\":\"PropertyValueSpecification\",\"valueRequired\":true,\"valueName\":\"search_term_string\"}}],\"inLanguage\":\"en-US\"},{\"@type\":\"Organization\",\"@id\":\"https:\\\/\\\/promoter.rally-series.com\\\/#organization\",\"name\":\"Promoter Rally Series\",\"url\":\"https:\\\/\\\/promoter.rally-series.com\\\/\",\"logo\":{\"@type\":\"ImageObject\",\"inLanguage\":\"en-US\",\"@id\":\"https:\\\/\\\/promoter.rally-series.com\\\/#\\\/schema\\\/logo\\\/image\\\/\",\"url\":\"https:\\\/\\\/promoter.rally-series.com\\\/wp-content\\\/uploads\\\/2025\\\/10\\\/Logo-Promoter1.png\",\"contentUrl\":\"https:\\\/\\\/promoter.rally-series.com\\\/wp-content\\\/uploads\\\/2025\\\/10\\\/Logo-Promoter1.png\",\"width\":942,\"height\":1204,\"caption\":\"Promoter Rally Series\"},\"image\":{\"@id\":\"https:\\\/\\\/promoter.rally-series.com\\\/#\\\/schema\\\/logo\\\/image\\\/\"}},{\"@type\":\"Person\",\"@id\":\"https:\\\/\\\/promoter.rally-series.com\\\/#\\\/schema\\\/person\\\/70974007523ec0c6c9936e26305b6a5b\",\"name\":\"admin\",\"image\":{\"@type\":\"ImageObject\",\"inLanguage\":\"en-US\",\"@id\":\"https:\\\/\\\/secure.gravatar.com\\\/avatar\\\/f33e2e0058df10eb23e9148d4c54000bfff6b16bede661928707b9564ff82293?s=96&d=mm&r=g\",\"url\":\"https:\\\/\\\/secure.gravatar.com\\\/avatar\\\/f33e2e0058df10eb23e9148d4c54000bfff6b16bede661928707b9564ff82293?s=96&d=mm&r=g\",\"contentUrl\":\"https:\\\/\\\/secure.gravatar.com\\\/avatar\\\/f33e2e0058df10eb23e9148d4c54000bfff6b16bede661928707b9564ff82293?s=96&d=mm&r=g\",\"caption\":\"admin\"},\"sameAs\":[\"https:\\\/\\\/promoter.rally-series.com\"],\"url\":\"https:\\\/\\\/promoter.rally-series.com\\\/en\\\/author\\\/rallyseries\\\/\"}]}<\/script>\n<!-- \/ Yoast SEO plugin. -->","yoast_head_json":{"title":"Rallye Vidreiro apresentado oficialmente na Marinha Grande - Promoter Rally Series","description":"The municipalities of Alcoba\u00e7a, Marinha Grande, and Pombal join forces around the rally. Expocentro in Pombal will host the Service Park and the Final Podium. The Start Ceremony will take place in Alcoba\u00e7a, next to the Monastery.","robots":{"index":"index","follow":"follow","max-snippet":"max-snippet:-1","max-image-preview":"max-image-preview:large","max-video-preview":"max-video-preview:-1"},"canonical":"https:\/\/promoter.rally-series.com\/en\/rallye-vidreiro-apresentado-oficialmente-na-marinha-grande\/","og_locale":"en_US","og_type":"article","og_title":"Rallye Vidreiro apresentado oficialmente na Marinha Grande - Promoter Rally Series","og_description":"Munic\u00edpios de Alcoba\u00e7a, Marinha Grande e Pombal unidos em torno do rali. Expocentro, em Pombal, acolhe o Parque de Assist\u00eancia e o P\u00f3dio Final. Cerim\u00f3nia de Partida ser\u00e1 em Alcoba\u00e7a junto ao Mosteiro","og_url":"https:\/\/promoter.rally-series.com\/en\/rallye-vidreiro-apresentado-oficialmente-na-marinha-grande\/","og_site_name":"Promoter Rally Series","article_published_time":"2025-10-08T15:00:45+00:00","article_modified_time":"2025-10-09T14:48:04+00:00","og_image":[{"width":1280,"height":853,"url":"https:\/\/promoter.rally-series.com\/wp-content\/uploads\/2025\/10\/IMG_1220-Large.jpeg","type":"image\/jpeg"}],"author":"admin","twitter_card":"summary_large_image","twitter_misc":{"Written by":"admin","Est. reading time":"5 minutes"},"schema":{"@context":"https:\/\/schema.org","@graph":[{"@type":"Article","@id":"https:\/\/promoter.rally-series.com\/rallye-vidreiro-apresentado-oficialmente-na-marinha-grande\/#article","isPartOf":{"@id":"https:\/\/promoter.rally-series.com\/rallye-vidreiro-apresentado-oficialmente-na-marinha-grande\/"},"author":{"name":"admin","@id":"https:\/\/promoter.rally-series.com\/#\/schema\/person\/70974007523ec0c6c9936e26305b6a5b"},"headline":"Rallye Vidreiro apresentado oficialmente na Marinha Grande","datePublished":"2025-10-08T15:00:45+00:00","dateModified":"2025-10-09T14:48:04+00:00","mainEntityOfPage":{"@id":"https:\/\/promoter.rally-series.com\/rallye-vidreiro-apresentado-oficialmente-na-marinha-grande\/"},"wordCount":783,"commentCount":0,"publisher":{"@id":"https:\/\/promoter.rally-series.com\/#organization"},"image":{"@id":"https:\/\/promoter.rally-series.com\/rallye-vidreiro-apresentado-oficialmente-na-marinha-grande\/#primaryimage"},"thumbnailUrl":"https:\/\/promoter.rally-series.com\/wp-content\/uploads\/2025\/10\/IMG_1220-Large.jpeg","inLanguage":"en-US","potentialAction":[{"@type":"CommentAction","name":"Comment","target":["https:\/\/promoter.rally-series.com\/rallye-vidreiro-apresentado-oficialmente-na-marinha-grande\/#respond"]}]},{"@type":"WebPage","@id":"https:\/\/promoter.rally-series.com\/rallye-vidreiro-apresentado-oficialmente-na-marinha-grande\/","url":"https:\/\/promoter.rally-series.com\/rallye-vidreiro-apresentado-oficialmente-na-marinha-grande\/","name":"Rallye Vidreiro apresentado oficialmente na Marinha Grande - Promoter Rally Series","isPartOf":{"@id":"https:\/\/promoter.rally-series.com\/#website"},"primaryImageOfPage":{"@id":"https:\/\/promoter.rally-series.com\/rallye-vidreiro-apresentado-oficialmente-na-marinha-grande\/#primaryimage"},"image":{"@id":"https:\/\/promoter.rally-series.com\/rallye-vidreiro-apresentado-oficialmente-na-marinha-grande\/#primaryimage"},"thumbnailUrl":"https:\/\/promoter.rally-series.com\/wp-content\/uploads\/2025\/10\/IMG_1220-Large.jpeg","datePublished":"2025-10-08T15:00:45+00:00","dateModified":"2025-10-09T14:48:04+00:00","description":"The municipalities of Alcoba\u00e7a, Marinha Grande, and Pombal join forces around the rally. Expocentro in Pombal will host the Service Park and the Final Podium. The Start Ceremony will take place in Alcoba\u00e7a, next to the Monastery.","breadcrumb":{"@id":"https:\/\/promoter.rally-series.com\/rallye-vidreiro-apresentado-oficialmente-na-marinha-grande\/#breadcrumb"},"inLanguage":"en-US","potentialAction":[{"@type":"ReadAction","target":["https:\/\/promoter.rally-series.com\/rallye-vidreiro-apresentado-oficialmente-na-marinha-grande\/"]}]},{"@type":"ImageObject","inLanguage":"en-US","@id":"https:\/\/promoter.rally-series.com\/rallye-vidreiro-apresentado-oficialmente-na-marinha-grande\/#primaryimage","url":"https:\/\/promoter.rally-series.com\/wp-content\/uploads\/2025\/10\/IMG_1220-Large.jpeg","contentUrl":"https:\/\/promoter.rally-series.com\/wp-content\/uploads\/2025\/10\/IMG_1220-Large.jpeg","width":1280,"height":853},{"@type":"BreadcrumbList","@id":"https:\/\/promoter.rally-series.com\/rallye-vidreiro-apresentado-oficialmente-na-marinha-grande\/#breadcrumb","itemListElement":[{"@type":"ListItem","position":1,"name":"Home","item":"https:\/\/promoter.rally-series.com\/"},{"@type":"ListItem","position":2,"name":"Rallye Vidreiro apresentado oficialmente na Marinha Grande"}]},{"@type":"WebSite","@id":"https:\/\/promoter.rally-series.com\/#website","url":"https:\/\/promoter.rally-series.com\/","name":"Promoter Rally Series","description":"Uniting Fans, Drivers, and Roads","publisher":{"@id":"https:\/\/promoter.rally-series.com\/#organization"},"potentialAction":[{"@type":"SearchAction","target":{"@type":"EntryPoint","urlTemplate":"https:\/\/promoter.rally-series.com\/?s={search_term_string}"},"query-input":{"@type":"PropertyValueSpecification","valueRequired":true,"valueName":"search_term_string"}}],"inLanguage":"en-US"},{"@type":"Organization","@id":"https:\/\/promoter.rally-series.com\/#organization","name":"Promoter Rally Series","url":"https:\/\/promoter.rally-series.com\/","logo":{"@type":"ImageObject","inLanguage":"en-US","@id":"https:\/\/promoter.rally-series.com\/#\/schema\/logo\/image\/","url":"https:\/\/promoter.rally-series.com\/wp-content\/uploads\/2025\/10\/Logo-Promoter1.png","contentUrl":"https:\/\/promoter.rally-series.com\/wp-content\/uploads\/2025\/10\/Logo-Promoter1.png","width":942,"height":1204,"caption":"Promoter Rally Series"},"image":{"@id":"https:\/\/promoter.rally-series.com\/#\/schema\/logo\/image\/"}},{"@type":"Person","@id":"https:\/\/promoter.rally-series.com\/#\/schema\/person\/70974007523ec0c6c9936e26305b6a5b","name":"admin","image":{"@type":"ImageObject","inLanguage":"en-US","@id":"https:\/\/secure.gravatar.com\/avatar\/f33e2e0058df10eb23e9148d4c54000bfff6b16bede661928707b9564ff82293?s=96&d=mm&r=g","url":"https:\/\/secure.gravatar.com\/avatar\/f33e2e0058df10eb23e9148d4c54000bfff6b16bede661928707b9564ff82293?s=96&d=mm&r=g","contentUrl":"https:\/\/secure.gravatar.com\/avatar\/f33e2e0058df10eb23e9148d4c54000bfff6b16bede661928707b9564ff82293?s=96&d=mm&r=g","caption":"admin"},"sameAs":["https:\/\/promoter.rally-series.com"],"url":"https:\/\/promoter.rally-series.com\/en\/author\/rallyseries\/"}]}},"_links":{"self":[{"href":"https:\/\/promoter.rally-series.com\/en\/wp-json\/wp\/v2\/posts\/38","targetHints":{"allow":["GET"]}}],"collection":[{"href":"https:\/\/promoter.rally-series.com\/en\/wp-json\/wp\/v2\/posts"}],"about":[{"href":"https:\/\/promoter.rally-series.com\/en\/wp-json\/wp\/v2\/types\/post"}],"author":[{"embeddable":true,"href":"https:\/\/promoter.rally-series.com\/en\/wp-json\/wp\/v2\/users\/1"}],"replies":[{"embeddable":true,"href":"https:\/\/promoter.rally-series.com\/en\/wp-json\/wp\/v2\/comments?post=38"}],"version-history":[{"count":4,"href":"https:\/\/promoter.rally-series.com\/en\/wp-json\/wp\/v2\/posts\/38\/revisions"}],"predecessor-version":[{"id":74,"href":"https:\/\/promoter.rally-series.com\/en\/wp-json\/wp\/v2\/posts\/38\/revisions\/74"}],"wp:featuredmedia":[{"embeddable":true,"href":"https:\/\/promoter.rally-series.com\/en\/wp-json\/wp\/v2\/media\/41"}],"wp:attachment":[{"href":"https:\/\/promoter.rally-series.com\/en\/wp-json\/wp\/v2\/media?parent=38"}],"wp:term":[{"taxonomy":"category","embeddable":true,"href":"https:\/\/promoter.rally-series.com\/en\/wp-json\/wp\/v2\/categories?post=38"},{"taxonomy":"post_tag","embeddable":true,"href":"https:\/\/promoter.rally-series.com\/en\/wp-json\/wp\/v2\/tags?post=38"}],"curies":[{"name":"wp","href":"https:\/\/api.w.org\/{rel}","templated":true}]}}